{"id":5959,"date":"2025-06-04T11:25:59","date_gmt":"2025-06-04T09:25:59","guid":{"rendered":"https:\/\/sitetab3.ac-reims.fr\/ec-juniville\/-wp-\/?p=5959"},"modified":"2025-06-04T11:26:01","modified_gmt":"2025-06-04T09:26:01","slug":"transports-scolaires-2025-2026","status":"publish","type":"post","link":"https:\/\/sitetab3.ac-reims.fr\/ec-juniville\/-wp-\/transports-scolaires-2025-2026\/","title":{"rendered":"Transports scolaires 2025-2026"},"content":{"rendered":"\n<p>Madame, Monsieur,<\/p>\n\n\n\n<p>Chaque ann\u00e9e, ce n\u2019est pas moins de 10&nbsp;500 \u00e9l\u00e8ves qui r\u00e9alisent leurs inscriptions afin d\u2019emprunter les transports scolaires sur notre r\u00e9seau Fluo 08.<\/p>\n\n\n\n<p>Les inscriptions seront ouvertes <strong>du 5 juin 2025 au 11 juillet 2025<\/strong>, ensemble, faisons de cette prochaine rentr\u00e9e scolaire une r\u00e9ussite.<\/p>\n\n\n\n<p>Aussi, afin d\u2019am\u00e9liorer la communication aupr\u00e8s des familles, nous mettons \u00e0 votre disposition une affiche et un flyer \u00e0 diffuser dans votre \u00e9tablissement.<\/p>\n\n\n\n<p>Cordialement,<\/p>\n\n\n\n<p><strong>Le Service Transports<\/strong><\/p>\n\n\n\n<p><strong>Service TRANSPORTS<\/strong><\/p>\n\n\n\n<p><em>P\u00f4le aux usagers \u2013 R\u00e9seau Fluo 08<\/em><\/p>\n\n\n\n<p><em>Maison de la R\u00e9gion Charleville-M\u00e9zi\u00e8res<\/em><\/p>\n\n\n\n<div data-wp-interactive=\"core\/file\" class=\"wp-block-file\"><object data-wp-bind--hidden=\"!state.hasPdfPreview\"  class=\"wp-block-file__embed\" data=\"https:\/\/sitetab3.ac-reims.fr\/ec-juniville\/-wp-\/wp-content\/uploads\/A5_flyer_InscriptionTS_08_web.pdf\" type=\"application\/pdf\" style=\"width:100%;height:600px\" aria-label=\"Contenu embarqu\u00e9 A5_flyer_InscriptionTS_08_web.\"><\/object><a id=\"wp-block-file--media-62487815-5feb-4d79-aa02-ddb59c9534b9\" href=\"https:\/\/sitetab3.ac-reims.fr\/ec-juniville\/-wp-\/wp-content\/uploads\/A5_flyer_InscriptionTS_08_web.pdf\">A5_flyer_InscriptionTS_08_web<\/a><a href=\"https:\/\/sitetab3.ac-reims.fr\/ec-juniville\/-wp-\/wp-content\/uploads\/A5_flyer_InscriptionTS_08_web.pdf\" class=\"wp-block-file__button wp-element-button\" download aria-describedby=\"wp-block-file--media-62487815-5feb-4d79-aa02-ddb59c9534b9\">T\u00e9l\u00e9charger<\/a><\/div>\n","protected":false},"excerpt":{"rendered":"<p>Madame, Monsieur, Chaque ann\u00e9e, ce n\u2019est pas moins de 10&nbsp;500 \u00e9l\u00e8ves qui r\u00e9alisent leurs inscriptions afin d\u2019emprunter les transports scolaires sur notre r\u00e9seau Fluo 08. Les inscriptions seront ouvertes du 5 juin 2025 au 11 juillet 2025, ensemble, faisons de cette prochaine rentr\u00e9e scolaire une r\u00e9ussite. Aussi, afin d\u2019am\u00e9liorer la communication aupr\u00e8s des familles, nous [&hellip;]<\/p>\n","protected":false},"author":1,"featured_media":0,"comment_status":"closed","ping_status":"open","sticky":false,"template":"","format":"standard","meta":{"ngg_post_thumbnail":0,"footnotes":""},"categories":[28,25],"tags":[],"_links":{"self":[{"href":"https:\/\/sitetab3.ac-reims.fr\/ec-juniville\/-wp-\/wp-json\/wp\/v2\/posts\/5959"}],"collection":[{"href":"https:\/\/sitetab3.ac-reims.fr\/ec-juniville\/-wp-\/wp-json\/wp\/v2\/posts"}],"about":[{"href":"https:\/\/sitetab3.ac-reims.fr\/ec-juniville\/-wp-\/wp-json\/wp\/v2\/types\/post"}],"author":[{"embeddable":true,"href":"https:\/\/sitetab3.ac-reims.fr\/ec-juniville\/-wp-\/wp-json\/wp\/v2\/users\/1"}],"replies":[{"embeddable":true,"href":"https:\/\/sitetab3.ac-reims.fr\/ec-juniville\/-wp-\/wp-json\/wp\/v2\/comments?post=5959"}],"version-history":[{"count":1,"href":"https:\/\/sitetab3.ac-reims.fr\/ec-juniville\/-wp-\/wp-json\/wp\/v2\/posts\/5959\/revisions"}],"predecessor-version":[{"id":5961,"href":"https:\/\/sitetab3.ac-reims.fr\/ec-juniville\/-wp-\/wp-json\/wp\/v2\/posts\/5959\/revisions\/5961"}],"wp:attachment":[{"href":"https:\/\/sitetab3.ac-reims.fr\/ec-juniville\/-wp-\/wp-json\/wp\/v2\/media?parent=5959"}],"wp:term":[{"taxonomy":"category","embeddable":true,"href":"https:\/\/sitetab3.ac-reims.fr\/ec-juniville\/-wp-\/wp-json\/wp\/v2\/categories?post=5959"},{"taxonomy":"post_tag","embeddable":true,"href":"https:\/\/sitetab3.ac-reims.fr\/ec-juniville\/-wp-\/wp-json\/wp\/v2\/tags?post=5959"}],"curies":[{"name":"wp","href":"https:\/\/api.w.org\/{rel}","templated":true}]}}