{"id":6032,"date":"2025-11-06T14:42:44","date_gmt":"2025-11-06T13:42:44","guid":{"rendered":"https:\/\/sitetab3.ac-reims.fr\/ec-juniville\/-wp-\/?p=6032"},"modified":"2025-11-06T14:42:44","modified_gmt":"2025-11-06T13:42:44","slug":"les-representants-des-parents-deleves","status":"publish","type":"post","link":"https:\/\/sitetab3.ac-reims.fr\/ec-juniville\/-wp-\/les-representants-des-parents-deleves\/","title":{"rendered":"Les repr\u00e9sentants des parents d&rsquo;\u00e9l\u00e8ves"},"content":{"rendered":"\n<p>Madame, Monsieur, <\/p>\n\n\n\n<p>Voici le nom des repr\u00e9sentants des parents d&rsquo;\u00e9l\u00e8ves pour cette ann\u00e9e scolaire :<\/p>\n\n\n\n<p><strong>Titulaires\u00a0:\u00a0<\/strong>\u00a0<\/p>\n\n\n\n<p>ANDRYJASKIEWICZ Thomas<\/p>\n\n\n\n<p>BOURIN Jamila<\/p>\n\n\n\n<p>DARAGN\u00c8S Gabriel<\/p>\n\n\n\n<p>DUBUISSON Pierre<\/p>\n\n\n\n<p>GODON Ma\u00eblle<\/p>\n\n\n\n<p>MARINONI C\u00e9lia<\/p>\n\n\n\n<p>MULLER Vivien<\/p>\n\n\n\n<p>PALLOTEAU H\u00e9l\u00e8ne<\/p>\n\n\n\n<p>PATRIS St\u00e9phanie<\/p>\n\n\n\n<p>SAVOLDI Emilie<\/p>\n\n\n\n<p><strong>Suppl\u00e9antes\u00a0:\u00a0<\/strong>\u00a0<\/p>\n\n\n\n<p>DEBEUSSCHER Aurore<\/p>\n\n\n\n<p>DECOCK Pauline<\/p>\n\n\n\n<p>GUILLET G\u00e9raldine<\/p>\n\n\n\n<p>Ils projettent de r\u00e9aliser un trombinoscope pour \u00eatre plus facilement identifiables .<\/p>\n\n\n\n<p>Pour prendre contact avec les RPE, vous avez 4 possibilit\u00e9s:<\/p>\n\n\n\n<p>_ \u00e0 la sortie de l&rsquo;\u00e9cole;<\/p>\n\n\n\n<p>_ par le biais de leur adresse mail : <strong>parentsjuniville@gmail.com<\/strong>  ;<\/p>\n\n\n\n<p>_ via leur page Facebook <strong>Groupe de Parents d&rsquo;\u00e9l\u00e8ves Juniville <\/strong>dont voici le lien\u00a0:\u00a0 <a href=\"https:\/\/www.facebook.com\/groups\/1753911804914206\" target=\"_blank\" rel=\"noreferrer noopener\">https:\/\/www.facebook.com\/groups\/1753911804914206<\/a><\/p>\n\n\n\n<p>_ ou encore via la bo\u00eete aux lettres de l&rsquo;\u00e9cole en adressant un courrier dans une enveloppe \u00e0 leur attention.<\/p>\n\n\n\n<p>J&rsquo;attire votre attention sur 2 points :<\/p>\n\n\n\n<ul>\n<li>un dialogue direct avec l&rsquo;enseignante de votre enfant a toujours \u00e9t\u00e9, est et restera \u00e0 privil\u00e9gier en premier lieu avant de s&rsquo;adresser aux RPE.<\/li>\n\n\n\n<li>une vigilance quant aux \u00e9crits publi\u00e9s sur les r\u00e9seaux sociaux pouvant amener \u00e0 un d\u00e9p\u00f4t de plainte en cas de diffamation.                                                                                                                                 Cordialement Mme Fiqu\u00e9mont, directrice du p\u00f4le scolaire<\/li>\n<\/ul>\n","protected":false},"excerpt":{"rendered":"<p>Madame, Monsieur, Voici le nom des repr\u00e9sentants des parents d&rsquo;\u00e9l\u00e8ves pour cette ann\u00e9e scolaire : Titulaires\u00a0:\u00a0\u00a0 ANDRYJASKIEWICZ Thomas BOURIN Jamila DARAGN\u00c8S Gabriel DUBUISSON Pierre GODON Ma\u00eblle MARINONI C\u00e9lia MULLER Vivien PALLOTEAU H\u00e9l\u00e8ne PATRIS St\u00e9phanie SAVOLDI Emilie Suppl\u00e9antes\u00a0:\u00a0\u00a0 DEBEUSSCHER Aurore DECOCK Pauline GUILLET G\u00e9raldine Ils projettent de r\u00e9aliser un trombinoscope pour \u00eatre plus facilement identifiables . [&hellip;]<\/p>\n","protected":false},"author":1,"featured_media":0,"comment_status":"closed","ping_status":"open","sticky":false,"template":"","format":"standard","meta":{"ngg_post_thumbnail":0,"footnotes":""},"categories":[28,25,20],"tags":[],"_links":{"self":[{"href":"https:\/\/sitetab3.ac-reims.fr\/ec-juniville\/-wp-\/wp-json\/wp\/v2\/posts\/6032"}],"collection":[{"href":"https:\/\/sitetab3.ac-reims.fr\/ec-juniville\/-wp-\/wp-json\/wp\/v2\/posts"}],"about":[{"href":"https:\/\/sitetab3.ac-reims.fr\/ec-juniville\/-wp-\/wp-json\/wp\/v2\/types\/post"}],"author":[{"embeddable":true,"href":"https:\/\/sitetab3.ac-reims.fr\/ec-juniville\/-wp-\/wp-json\/wp\/v2\/users\/1"}],"replies":[{"embeddable":true,"href":"https:\/\/sitetab3.ac-reims.fr\/ec-juniville\/-wp-\/wp-json\/wp\/v2\/comments?post=6032"}],"version-history":[{"count":1,"href":"https:\/\/sitetab3.ac-reims.fr\/ec-juniville\/-wp-\/wp-json\/wp\/v2\/posts\/6032\/revisions"}],"predecessor-version":[{"id":6033,"href":"https:\/\/sitetab3.ac-reims.fr\/ec-juniville\/-wp-\/wp-json\/wp\/v2\/posts\/6032\/revisions\/6033"}],"wp:attachment":[{"href":"https:\/\/sitetab3.ac-reims.fr\/ec-juniville\/-wp-\/wp-json\/wp\/v2\/media?parent=6032"}],"wp:term":[{"taxonomy":"category","embeddable":true,"href":"https:\/\/sitetab3.ac-reims.fr\/ec-juniville\/-wp-\/wp-json\/wp\/v2\/categories?post=6032"},{"taxonomy":"post_tag","embeddable":true,"href":"https:\/\/sitetab3.ac-reims.fr\/ec-juniville\/-wp-\/wp-json\/wp\/v2\/tags?post=6032"}],"curies":[{"name":"wp","href":"https:\/\/api.w.org\/{rel}","templated":true}]}}