{"id":6047,"date":"2025-11-20T13:56:26","date_gmt":"2025-11-20T12:56:26","guid":{"rendered":"https:\/\/sitetab3.ac-reims.fr\/ec-juniville\/-wp-\/?p=6047"},"modified":"2025-11-20T13:56:26","modified_gmt":"2025-11-20T12:56:26","slug":"telethon-le-vendredi-5-decembre-2025","status":"publish","type":"post","link":"https:\/\/sitetab3.ac-reims.fr\/ec-juniville\/-wp-\/telethon-le-vendredi-5-decembre-2025\/","title":{"rendered":"T\u00e9l\u00e9thon le vendredi 5 d\u00e9cembre 2025"},"content":{"rendered":"\n<figure class=\"wp-block-image size-full\"><img loading=\"lazy\" decoding=\"async\" width=\"337\" height=\"157\" src=\"https:\/\/sitetab3.ac-reims.fr\/ec-juniville\/-wp-\/wp-content\/uploads\/telethon-1.png\" alt=\"\" class=\"wp-image-6048\" srcset=\"https:\/\/sitetab3.ac-reims.fr\/ec-juniville\/-wp-\/wp-content\/uploads\/telethon-1.png 337w, https:\/\/sitetab3.ac-reims.fr\/ec-juniville\/-wp-\/wp-content\/uploads\/telethon-1-300x140.png 300w\" sizes=\"(max-width: 337px) 100vw, 337px\" \/><\/figure>\n\n\n\n<p>Chaque \u00e9l\u00e8ve du p\u00f4le scolaire va fabriquer un objet qui sera mis en vente \u00e0 un euro minimum du lundi 1  er d\u00e9cembre au vendredi 5 d\u00e9cembre matin . L&rsquo;int\u00e9gralit\u00e9 des dons sera revers\u00e9e \u00e0 l&rsquo;AFM .<\/p>\n\n\n\n<p>Le vendredi 5 d\u00e9cembre \u00e0 13h30 aura lieu la remise de vos dons puis un l\u00e2cher de ballons et enfin un flashmob. Vous \u00eates cordialement invit\u00e9s \u00e0 assister \u00e0 ces trois temps forts de la journ\u00e9e.<\/p>\n\n\n\n<p>Et les \u00e9l\u00e8ves des classes de GS-CP au CM2 rel\u00e8veront le d\u00e9fi course dans les cours de r\u00e9cr\u00e9ation au cours de cette journ\u00e9e afin d&rsquo;additionner les kilom\u00e8tres parcourus et peut-\u00eatre battre un nouveau record !<\/p>\n\n\n\n<figure class=\"wp-block-image size-full\"><img loading=\"lazy\" decoding=\"async\" width=\"273\" height=\"232\" src=\"https:\/\/sitetab3.ac-reims.fr\/ec-juniville\/-wp-\/wp-content\/uploads\/telethon-2.png\" alt=\"\" class=\"wp-image-6049\"\/><\/figure>\n","protected":false},"excerpt":{"rendered":"<p>Chaque \u00e9l\u00e8ve du p\u00f4le scolaire va fabriquer un objet qui sera mis en vente \u00e0 un euro minimum du lundi 1 er d\u00e9cembre au vendredi 5 d\u00e9cembre matin . L&rsquo;int\u00e9gralit\u00e9 des dons sera revers\u00e9e \u00e0 l&rsquo;AFM . Le vendredi 5 d\u00e9cembre \u00e0 13h30 aura lieu la remise de vos dons puis un l\u00e2cher de ballons [&hellip;]<\/p>\n","protected":false},"author":1,"featured_media":0,"comment_status":"closed","ping_status":"open","sticky":false,"template":"","format":"standard","meta":{"ngg_post_thumbnail":0,"footnotes":""},"categories":[27,28],"tags":[],"_links":{"self":[{"href":"https:\/\/sitetab3.ac-reims.fr\/ec-juniville\/-wp-\/wp-json\/wp\/v2\/posts\/6047"}],"collection":[{"href":"https:\/\/sitetab3.ac-reims.fr\/ec-juniville\/-wp-\/wp-json\/wp\/v2\/posts"}],"about":[{"href":"https:\/\/sitetab3.ac-reims.fr\/ec-juniville\/-wp-\/wp-json\/wp\/v2\/types\/post"}],"author":[{"embeddable":true,"href":"https:\/\/sitetab3.ac-reims.fr\/ec-juniville\/-wp-\/wp-json\/wp\/v2\/users\/1"}],"replies":[{"embeddable":true,"href":"https:\/\/sitetab3.ac-reims.fr\/ec-juniville\/-wp-\/wp-json\/wp\/v2\/comments?post=6047"}],"version-history":[{"count":1,"href":"https:\/\/sitetab3.ac-reims.fr\/ec-juniville\/-wp-\/wp-json\/wp\/v2\/posts\/6047\/revisions"}],"predecessor-version":[{"id":6050,"href":"https:\/\/sitetab3.ac-reims.fr\/ec-juniville\/-wp-\/wp-json\/wp\/v2\/posts\/6047\/revisions\/6050"}],"wp:attachment":[{"href":"https:\/\/sitetab3.ac-reims.fr\/ec-juniville\/-wp-\/wp-json\/wp\/v2\/media?parent=6047"}],"wp:term":[{"taxonomy":"category","embeddable":true,"href":"https:\/\/sitetab3.ac-reims.fr\/ec-juniville\/-wp-\/wp-json\/wp\/v2\/categories?post=6047"},{"taxonomy":"post_tag","embeddable":true,"href":"https:\/\/sitetab3.ac-reims.fr\/ec-juniville\/-wp-\/wp-json\/wp\/v2\/tags?post=6047"}],"curies":[{"name":"wp","href":"https:\/\/api.w.org\/{rel}","templated":true}]}}