{"id":6055,"date":"2025-11-28T14:21:09","date_gmt":"2025-11-28T13:21:09","guid":{"rendered":"https:\/\/sitetab3.ac-reims.fr\/ec-juniville\/-wp-\/?p=6055"},"modified":"2025-11-28T14:21:09","modified_gmt":"2025-11-28T13:21:09","slug":"le-pole-daide-a-la-scolarisation-des-eleves-a-besoins-particuliers","status":"publish","type":"post","link":"https:\/\/sitetab3.ac-reims.fr\/ec-juniville\/-wp-\/le-pole-daide-a-la-scolarisation-des-eleves-a-besoins-particuliers\/","title":{"rendered":"Le P\u00f4le d&rsquo;aide \u00e0 la scolarisation des \u00e9l\u00e8ves \u00e0 besoins particuliers"},"content":{"rendered":"\n<p>Madame, Monsieur, <\/p>\n\n\n\n<p>Il m&rsquo;a \u00e9t\u00e9 demand\u00e9 de porter \u00e0 votre connaissance  le d\u00e9pliant ci- dessous du PAS ( P\u00f4le d&rsquo;Aide \u00e0 la Scolarisation) \u00e0 destination des \u00e9l\u00e8ves \u00e0 besoins particuliers pour lesquels aucune d\u00e9marche ne serait actuellement engag\u00e9e. Vous trouverez \u00e9galement la fiche  de saisine du PAS pour les repr\u00e9sentants l\u00e9gaux.<\/p>\n\n\n\n<p>Vous pouvez prendre contact par mail : pas-08-sud-ouest@ac-reims.fr<\/p>\n\n\n\n<div data-wp-interactive=\"core\/file\" class=\"wp-block-file\"><object data-wp-bind--hidden=\"!state.hasPdfPreview\"  class=\"wp-block-file__embed\" data=\"https:\/\/sitetab3.ac-reims.fr\/ec-juniville\/-wp-\/wp-content\/uploads\/Flyer-PAS-Ardennes-Sud-Ouest3.pdf\" type=\"application\/pdf\" style=\"width:100%;height:600px\" aria-label=\"Contenu embarqu\u00e9 Flyer-PAS-Ardennes-Sud-Ouest3.\"><\/object><a id=\"wp-block-file--media-69a261c0-c9de-4b95-9ea7-e6065579c48b\" href=\"https:\/\/sitetab3.ac-reims.fr\/ec-juniville\/-wp-\/wp-content\/uploads\/Flyer-PAS-Ardennes-Sud-Ouest3.pdf\">Flyer-PAS-Ardennes-Sud-Ouest3<\/a><a href=\"https:\/\/sitetab3.ac-reims.fr\/ec-juniville\/-wp-\/wp-content\/uploads\/Flyer-PAS-Ardennes-Sud-Ouest3.pdf\" class=\"wp-block-file__button wp-element-button\" download aria-describedby=\"wp-block-file--media-69a261c0-c9de-4b95-9ea7-e6065579c48b\">T\u00e9l\u00e9charger<\/a><\/div>\n\n\n\n<div data-wp-interactive=\"core\/file\" class=\"wp-block-file\"><object data-wp-bind--hidden=\"!state.hasPdfPreview\"  class=\"wp-block-file__embed\" data=\"https:\/\/sitetab3.ac-reims.fr\/ec-juniville\/-wp-\/wp-content\/uploads\/Fiche-saisine-responsables-legaux-ARDENNES-SUD-OUEST.pdf\" type=\"application\/pdf\" style=\"width:100%;height:600px\" aria-label=\"Contenu embarqu\u00e9 Fiche-saisine-responsables-legaux-ARDENNES-SUD-OUEST.\"><\/object><a id=\"wp-block-file--media-9c64f370-a394-4675-aee7-2071dd0ac433\" href=\"https:\/\/sitetab3.ac-reims.fr\/ec-juniville\/-wp-\/wp-content\/uploads\/Fiche-saisine-responsables-legaux-ARDENNES-SUD-OUEST.pdf\">Fiche-saisine-responsables-legaux-ARDENNES-SUD-OUEST<\/a><a href=\"https:\/\/sitetab3.ac-reims.fr\/ec-juniville\/-wp-\/wp-content\/uploads\/Fiche-saisine-responsables-legaux-ARDENNES-SUD-OUEST.pdf\" class=\"wp-block-file__button wp-element-button\" download aria-describedby=\"wp-block-file--media-9c64f370-a394-4675-aee7-2071dd0ac433\">T\u00e9l\u00e9charger<\/a><\/div>\n","protected":false},"excerpt":{"rendered":"<p>Madame, Monsieur, Il m&rsquo;a \u00e9t\u00e9 demand\u00e9 de porter \u00e0 votre connaissance le d\u00e9pliant ci- dessous du PAS ( P\u00f4le d&rsquo;Aide \u00e0 la Scolarisation) \u00e0 destination des \u00e9l\u00e8ves \u00e0 besoins particuliers pour lesquels aucune d\u00e9marche ne serait actuellement engag\u00e9e. Vous trouverez \u00e9galement la fiche de saisine du PAS pour les repr\u00e9sentants l\u00e9gaux. Vous pouvez prendre contact [&hellip;]<\/p>\n","protected":false},"author":1,"featured_media":0,"comment_status":"closed","ping_status":"open","sticky":false,"template":"","format":"standard","meta":{"ngg_post_thumbnail":0,"footnotes":""},"categories":[28,25],"tags":[],"_links":{"self":[{"href":"https:\/\/sitetab3.ac-reims.fr\/ec-juniville\/-wp-\/wp-json\/wp\/v2\/posts\/6055"}],"collection":[{"href":"https:\/\/sitetab3.ac-reims.fr\/ec-juniville\/-wp-\/wp-json\/wp\/v2\/posts"}],"about":[{"href":"https:\/\/sitetab3.ac-reims.fr\/ec-juniville\/-wp-\/wp-json\/wp\/v2\/types\/post"}],"author":[{"embeddable":true,"href":"https:\/\/sitetab3.ac-reims.fr\/ec-juniville\/-wp-\/wp-json\/wp\/v2\/users\/1"}],"replies":[{"embeddable":true,"href":"https:\/\/sitetab3.ac-reims.fr\/ec-juniville\/-wp-\/wp-json\/wp\/v2\/comments?post=6055"}],"version-history":[{"count":1,"href":"https:\/\/sitetab3.ac-reims.fr\/ec-juniville\/-wp-\/wp-json\/wp\/v2\/posts\/6055\/revisions"}],"predecessor-version":[{"id":6058,"href":"https:\/\/sitetab3.ac-reims.fr\/ec-juniville\/-wp-\/wp-json\/wp\/v2\/posts\/6055\/revisions\/6058"}],"wp:attachment":[{"href":"https:\/\/sitetab3.ac-reims.fr\/ec-juniville\/-wp-\/wp-json\/wp\/v2\/media?parent=6055"}],"wp:term":[{"taxonomy":"category","embeddable":true,"href":"https:\/\/sitetab3.ac-reims.fr\/ec-juniville\/-wp-\/wp-json\/wp\/v2\/categories?post=6055"},{"taxonomy":"post_tag","embeddable":true,"href":"https:\/\/sitetab3.ac-reims.fr\/ec-juniville\/-wp-\/wp-json\/wp\/v2\/tags?post=6055"}],"curies":[{"name":"wp","href":"https:\/\/api.w.org\/{rel}","templated":true}]}}