{"id":6059,"date":"2025-11-28T14:26:45","date_gmt":"2025-11-28T13:26:45","guid":{"rendered":"https:\/\/sitetab3.ac-reims.fr\/ec-juniville\/-wp-\/?p=6059"},"modified":"2025-11-28T14:26:45","modified_gmt":"2025-11-28T13:26:45","slug":"la-dame-des-neiges","status":"publish","type":"post","link":"https:\/\/sitetab3.ac-reims.fr\/ec-juniville\/-wp-\/la-dame-des-neiges\/","title":{"rendered":"La dame des Neiges"},"content":{"rendered":"\n<p>Ce jour, tous les \u00e9l\u00e8ves de la petite section au CE1 ont assist\u00e9 au cours de 2 repr\u00e9sentations \u00e0 un spectacle de marionnettes intitul\u00e9 la dame des Neiges. <\/p>\n\n\n\n<p>Les \u00e9l\u00e8ves ont appr\u00e9ci\u00e9 : beaucoup de rires, d&rsquo;applaudissements, de r\u00e9actions de leur part.<\/p>\n\n\n\n<p><\/p>\n\n\n\n<figure class=\"wp-block-image size-large\"><img loading=\"lazy\" decoding=\"async\" width=\"1024\" height=\"768\" src=\"https:\/\/sitetab3.ac-reims.fr\/ec-juniville\/-wp-\/wp-content\/uploads\/20251128_1053121-1024x768.jpg\" alt=\"\" class=\"wp-image-6060\" srcset=\"https:\/\/sitetab3.ac-reims.fr\/ec-juniville\/-wp-\/wp-content\/uploads\/20251128_1053121-1024x768.jpg 1024w, https:\/\/sitetab3.ac-reims.fr\/ec-juniville\/-wp-\/wp-content\/uploads\/20251128_1053121-300x225.jpg 300w, https:\/\/sitetab3.ac-reims.fr\/ec-juniville\/-wp-\/wp-content\/uploads\/20251128_1053121-768x576.jpg 768w, https:\/\/sitetab3.ac-reims.fr\/ec-juniville\/-wp-\/wp-content\/uploads\/20251128_1053121-1536x1152.jpg 1536w, https:\/\/sitetab3.ac-reims.fr\/ec-juniville\/-wp-\/wp-content\/uploads\/20251128_1053121-2048x1536.jpg 2048w\" sizes=\"(max-width: 1024px) 100vw, 1024px\" \/><\/figure>\n\n\n\n<p>Il semblerait que ce fut le plus beau spectacle propos\u00e9 \u00e0 l&rsquo;\u00e9cole !<\/p>\n","protected":false},"excerpt":{"rendered":"<p>Ce jour, tous les \u00e9l\u00e8ves de la petite section au CE1 ont assist\u00e9 au cours de 2 repr\u00e9sentations \u00e0 un spectacle de marionnettes intitul\u00e9 la dame des Neiges. Les \u00e9l\u00e8ves ont appr\u00e9ci\u00e9 : beaucoup de rires, d&rsquo;applaudissements, de r\u00e9actions de leur part. Il semblerait que ce fut le plus beau spectacle propos\u00e9 \u00e0 l&rsquo;\u00e9cole !<\/p>\n","protected":false},"author":1,"featured_media":0,"comment_status":"closed","ping_status":"open","sticky":false,"template":"","format":"standard","meta":{"ngg_post_thumbnail":0,"footnotes":""},"categories":[34],"tags":[],"_links":{"self":[{"href":"https:\/\/sitetab3.ac-reims.fr\/ec-juniville\/-wp-\/wp-json\/wp\/v2\/posts\/6059"}],"collection":[{"href":"https:\/\/sitetab3.ac-reims.fr\/ec-juniville\/-wp-\/wp-json\/wp\/v2\/posts"}],"about":[{"href":"https:\/\/sitetab3.ac-reims.fr\/ec-juniville\/-wp-\/wp-json\/wp\/v2\/types\/post"}],"author":[{"embeddable":true,"href":"https:\/\/sitetab3.ac-reims.fr\/ec-juniville\/-wp-\/wp-json\/wp\/v2\/users\/1"}],"replies":[{"embeddable":true,"href":"https:\/\/sitetab3.ac-reims.fr\/ec-juniville\/-wp-\/wp-json\/wp\/v2\/comments?post=6059"}],"version-history":[{"count":1,"href":"https:\/\/sitetab3.ac-reims.fr\/ec-juniville\/-wp-\/wp-json\/wp\/v2\/posts\/6059\/revisions"}],"predecessor-version":[{"id":6061,"href":"https:\/\/sitetab3.ac-reims.fr\/ec-juniville\/-wp-\/wp-json\/wp\/v2\/posts\/6059\/revisions\/6061"}],"wp:attachment":[{"href":"https:\/\/sitetab3.ac-reims.fr\/ec-juniville\/-wp-\/wp-json\/wp\/v2\/media?parent=6059"}],"wp:term":[{"taxonomy":"category","embeddable":true,"href":"https:\/\/sitetab3.ac-reims.fr\/ec-juniville\/-wp-\/wp-json\/wp\/v2\/categories?post=6059"},{"taxonomy":"post_tag","embeddable":true,"href":"https:\/\/sitetab3.ac-reims.fr\/ec-juniville\/-wp-\/wp-json\/wp\/v2\/tags?post=6059"}],"curies":[{"name":"wp","href":"https:\/\/api.w.org\/{rel}","templated":true}]}}