{"id":6079,"date":"2025-12-05T11:50:55","date_gmt":"2025-12-05T10:50:55","guid":{"rendered":"https:\/\/sitetab3.ac-reims.fr\/ec-juniville\/-wp-\/?p=6079"},"modified":"2025-12-05T11:50:55","modified_gmt":"2025-12-05T10:50:55","slug":"plan-contre-le-harcelement","status":"publish","type":"post","link":"https:\/\/sitetab3.ac-reims.fr\/ec-juniville\/-wp-\/plan-contre-le-harcelement\/","title":{"rendered":"Plan contre le harc\u00e8lement"},"content":{"rendered":"\n<p>Madame, Monsieur, <\/p>\n\n\n\n<p>Voici deux plaquettes \u00e0 but informatif sur le harc\u00e8lement .<\/p>\n\n\n\n<div data-wp-interactive=\"core\/file\" class=\"wp-block-file\"><object data-wp-bind--hidden=\"!state.hasPdfPreview\"  class=\"wp-block-file__embed\" data=\"https:\/\/sitetab3.ac-reims.fr\/ec-juniville\/-wp-\/wp-content\/uploads\/Flyer-informations-aux-familles.pdf\" type=\"application\/pdf\" style=\"width:100%;height:600px\" aria-label=\"Contenu embarqu\u00e9 Flyer-informations-aux-familles.\"><\/object><a id=\"wp-block-file--media-9a2fddc8-c1fc-485b-bd41-1513965141e3\" href=\"https:\/\/sitetab3.ac-reims.fr\/ec-juniville\/-wp-\/wp-content\/uploads\/Flyer-informations-aux-familles.pdf\">Flyer-informations-aux-familles<\/a><a href=\"https:\/\/sitetab3.ac-reims.fr\/ec-juniville\/-wp-\/wp-content\/uploads\/Flyer-informations-aux-familles.pdf\" class=\"wp-block-file__button wp-element-button\" download aria-describedby=\"wp-block-file--media-9a2fddc8-c1fc-485b-bd41-1513965141e3\">T\u00e9l\u00e9charger<\/a><\/div>\n\n\n\n<div data-wp-interactive=\"core\/file\" class=\"wp-block-file\"><object data-wp-bind--hidden=\"!state.hasPdfPreview\"  class=\"wp-block-file__embed\" data=\"https:\/\/sitetab3.ac-reims.fr\/ec-juniville\/-wp-\/wp-content\/uploads\/Flyer-national-informations-aux-familles.pdf\" type=\"application\/pdf\" style=\"width:100%;height:600px\" aria-label=\"Contenu embarqu\u00e9 Flyer-national-informations-aux-familles.\"><\/object><a id=\"wp-block-file--media-b85facde-66bd-4f67-a077-77707c7d30b4\" href=\"https:\/\/sitetab3.ac-reims.fr\/ec-juniville\/-wp-\/wp-content\/uploads\/Flyer-national-informations-aux-familles.pdf\">Flyer-national-informations-aux-familles<\/a><a href=\"https:\/\/sitetab3.ac-reims.fr\/ec-juniville\/-wp-\/wp-content\/uploads\/Flyer-national-informations-aux-familles.pdf\" class=\"wp-block-file__button wp-element-button\" download aria-describedby=\"wp-block-file--media-b85facde-66bd-4f67-a077-77707c7d30b4\">T\u00e9l\u00e9charger<\/a><\/div>\n\n\n\n<p>N&rsquo;oublions pas qu&rsquo;il y a toujours des adultes auxquels votre enfant doit s&rsquo;adresser en priorit\u00e9 au moindre souci afin que cela puisse \u00eatre r\u00e9gl\u00e9 aussit\u00f4t et surtout ne pas se reproduire !<\/p>\n","protected":false},"excerpt":{"rendered":"<p>Madame, Monsieur, Voici deux plaquettes \u00e0 but informatif sur le harc\u00e8lement . N&rsquo;oublions pas qu&rsquo;il y a toujours des adultes auxquels votre enfant doit s&rsquo;adresser en priorit\u00e9 au moindre souci afin que cela puisse \u00eatre r\u00e9gl\u00e9 aussit\u00f4t et surtout ne pas se reproduire !<\/p>\n","protected":false},"author":1,"featured_media":0,"comment_status":"closed","ping_status":"open","sticky":false,"template":"","format":"standard","meta":{"ngg_post_thumbnail":0,"footnotes":""},"categories":[28,25],"tags":[],"_links":{"self":[{"href":"https:\/\/sitetab3.ac-reims.fr\/ec-juniville\/-wp-\/wp-json\/wp\/v2\/posts\/6079"}],"collection":[{"href":"https:\/\/sitetab3.ac-reims.fr\/ec-juniville\/-wp-\/wp-json\/wp\/v2\/posts"}],"about":[{"href":"https:\/\/sitetab3.ac-reims.fr\/ec-juniville\/-wp-\/wp-json\/wp\/v2\/types\/post"}],"author":[{"embeddable":true,"href":"https:\/\/sitetab3.ac-reims.fr\/ec-juniville\/-wp-\/wp-json\/wp\/v2\/users\/1"}],"replies":[{"embeddable":true,"href":"https:\/\/sitetab3.ac-reims.fr\/ec-juniville\/-wp-\/wp-json\/wp\/v2\/comments?post=6079"}],"version-history":[{"count":1,"href":"https:\/\/sitetab3.ac-reims.fr\/ec-juniville\/-wp-\/wp-json\/wp\/v2\/posts\/6079\/revisions"}],"predecessor-version":[{"id":6082,"href":"https:\/\/sitetab3.ac-reims.fr\/ec-juniville\/-wp-\/wp-json\/wp\/v2\/posts\/6079\/revisions\/6082"}],"wp:attachment":[{"href":"https:\/\/sitetab3.ac-reims.fr\/ec-juniville\/-wp-\/wp-json\/wp\/v2\/media?parent=6079"}],"wp:term":[{"taxonomy":"category","embeddable":true,"href":"https:\/\/sitetab3.ac-reims.fr\/ec-juniville\/-wp-\/wp-json\/wp\/v2\/categories?post=6079"},{"taxonomy":"post_tag","embeddable":true,"href":"https:\/\/sitetab3.ac-reims.fr\/ec-juniville\/-wp-\/wp-json\/wp\/v2\/tags?post=6079"}],"curies":[{"name":"wp","href":"https:\/\/api.w.org\/{rel}","templated":true}]}}