{"id":6091,"date":"2026-01-02T17:49:40","date_gmt":"2026-01-02T16:49:40","guid":{"rendered":"https:\/\/sitetab3.ac-reims.fr\/ec-juniville\/-wp-\/?p=6091"},"modified":"2026-01-02T17:49:40","modified_gmt":"2026-01-02T16:49:40","slug":"absence-de-chauffage-ce-lundi-de-rentree","status":"publish","type":"post","link":"https:\/\/sitetab3.ac-reims.fr\/ec-juniville\/-wp-\/absence-de-chauffage-ce-lundi-de-rentree\/","title":{"rendered":"Absence de chauffage ce lundi de rentr\u00e9e"},"content":{"rendered":"\n<p>Madame, Monsieur,&nbsp;<\/p>\n\n\n\n<p>Voici  la communication de la CCPR vous informant de l&rsquo;absence de chauffage pour le jour de la rentr\u00e9e: <\/p>\n\n\n\n<p>Ch\u00e8res familles,<\/p>\n\n\n\n<p>Nous tenons \u00e0&nbsp;vous pr\u00e9venir que nous venons d&rsquo;\u00eatre inform\u00e9 par Dalkia (prestataire chauffage) qu&rsquo;ils sont dans l&rsquo;incapacit\u00e9&nbsp;avant lundi de livrer en GPL le p\u00f4le scolaire de Juniville,&nbsp;<\/p>\n\n\n\n<p>Par cons\u00e9quent,&nbsp;le syst\u00e8me de chauffage de l&rsquo;\u00e9cole ne pourra pas \u00eatre mis en fonctionnement pour la journ\u00e9e de lundi.<\/p>\n\n\n\n<p>Au niveau de la Communaut\u00e9 de communes, nous nous effor\u00e7ons \u00e0 trouver les solutions possibles.<\/p>\n\n\n\n<p>Nous vous invitons \u00e0 prendre les dispositions n\u00e9cessaires pour que vos enfants soient habill\u00e9s en cons\u00e9quence, notamment avec des v\u00eatements chauds.<\/p>\n\n\n\n<p>Si vous estimez que la temp\u00e9rature dans l&rsquo;\u00e9tablissement ne sera pas appropri\u00e9e pour votre enfant, vous avez la possibilit\u00e9 de r\u00e9cup\u00e9rer votre enfant ou de prendre d&rsquo;autres mesures.<\/p>\n\n\n\n<p>Nous vous prions de bien vouloir nous excuser pour ce d\u00e9sagr\u00e9ment et nous vous remercions de votre compr\u00e9hension et de votre r\u00e9activit\u00e9.<\/p>\n\n\n\n<p>Restant disponibles pour toute question,<\/p>\n\n\n\n<p>Bien cordialement,&nbsp;&nbsp;<\/p>\n\n\n\n<p>Le service R\u00e9ussite et animation \u00e9ducatives<\/p>\n\n\n\n<p><strong>Romuald MORETTI<\/strong><\/p>\n\n\n\n<p>Direction Service R\u00e9ussite et Animation \u00e9ducatives<\/p>\n\n\n\n<p><a href=\"callto:03 52 100 116\">03 52 100 116<\/a><\/p>\n\n\n\n<p><a href=\"callto:06 77 61 73 88\">06 77 61 73 88<\/a><\/p>\n\n\n\n<p><\/p>\n\n\n\n<p>Les services de l&rsquo;Education nationale ont \u00e9t\u00e9 avertis et vont suivre l&rsquo;\u00e9volution de la situation.<\/p>\n\n\n\n<p>Vous \u00eates libres de prendre les dispositions que vous jugerez n\u00e9cessaires pour votre \/ vos enfant\/s au regard des temp\u00e9ratures ext\u00e9rieures annonc\u00e9es pour les jours prochains.<\/p>\n\n\n\n<p>Dans le cas d&rsquo;une absence de votre enfant, vous voudrez bien la signaler par mail afin de ne pas saturer le r\u00e9pondeur de l&rsquo;\u00e9cole.<\/p>\n\n\n\n<p>L&rsquo;\u00e9quipe enseignante et moi -m\u00eame, nous serons pr\u00e9sentes pour accueillir tous les \u00e9l\u00e8ves qui se pr\u00e9senteront. Il est potentiellement possible que les \u00e9l\u00e8ves de PS ne fassent pas la sieste, ceci sera d\u00e9cid\u00e9 en fonction de la temp\u00e9rature pr\u00e9sente dans le dortoir.&nbsp;&nbsp;<\/p>\n\n\n\n<p>Je ne manquerai pas de revenir vers vous d\u00e8s que la situation aura chang\u00e9.&nbsp;<\/p>\n\n\n\n<p>En vous remerciant par avance de votre collaboration.<\/p>\n\n\n\n<p>Bien cordialement<br>Mme FIQU\u00c9MONT Armelle<\/p>\n","protected":false},"excerpt":{"rendered":"<p>Madame, Monsieur,&nbsp; Voici la communication de la CCPR vous informant de l&rsquo;absence de chauffage pour le jour de la rentr\u00e9e: Ch\u00e8res familles, Nous tenons \u00e0&nbsp;vous pr\u00e9venir que nous venons d&rsquo;\u00eatre inform\u00e9 par Dalkia (prestataire chauffage) qu&rsquo;ils sont dans l&rsquo;incapacit\u00e9&nbsp;avant lundi de livrer en GPL le p\u00f4le scolaire de Juniville,&nbsp; Par cons\u00e9quent,&nbsp;le syst\u00e8me de chauffage de [&hellip;]<\/p>\n","protected":false},"author":1,"featured_media":0,"comment_status":"closed","ping_status":"open","sticky":false,"template":"","format":"standard","meta":{"ngg_post_thumbnail":0,"footnotes":""},"categories":[28,25],"tags":[],"_links":{"self":[{"href":"https:\/\/sitetab3.ac-reims.fr\/ec-juniville\/-wp-\/wp-json\/wp\/v2\/posts\/6091"}],"collection":[{"href":"https:\/\/sitetab3.ac-reims.fr\/ec-juniville\/-wp-\/wp-json\/wp\/v2\/posts"}],"about":[{"href":"https:\/\/sitetab3.ac-reims.fr\/ec-juniville\/-wp-\/wp-json\/wp\/v2\/types\/post"}],"author":[{"embeddable":true,"href":"https:\/\/sitetab3.ac-reims.fr\/ec-juniville\/-wp-\/wp-json\/wp\/v2\/users\/1"}],"replies":[{"embeddable":true,"href":"https:\/\/sitetab3.ac-reims.fr\/ec-juniville\/-wp-\/wp-json\/wp\/v2\/comments?post=6091"}],"version-history":[{"count":1,"href":"https:\/\/sitetab3.ac-reims.fr\/ec-juniville\/-wp-\/wp-json\/wp\/v2\/posts\/6091\/revisions"}],"predecessor-version":[{"id":6092,"href":"https:\/\/sitetab3.ac-reims.fr\/ec-juniville\/-wp-\/wp-json\/wp\/v2\/posts\/6091\/revisions\/6092"}],"wp:attachment":[{"href":"https:\/\/sitetab3.ac-reims.fr\/ec-juniville\/-wp-\/wp-json\/wp\/v2\/media?parent=6091"}],"wp:term":[{"taxonomy":"category","embeddable":true,"href":"https:\/\/sitetab3.ac-reims.fr\/ec-juniville\/-wp-\/wp-json\/wp\/v2\/categories?post=6091"},{"taxonomy":"post_tag","embeddable":true,"href":"https:\/\/sitetab3.ac-reims.fr\/ec-juniville\/-wp-\/wp-json\/wp\/v2\/tags?post=6091"}],"curies":[{"name":"wp","href":"https:\/\/api.w.org\/{rel}","templated":true}]}}