{"id":6096,"date":"2026-01-05T19:12:53","date_gmt":"2026-01-05T18:12:53","guid":{"rendered":"https:\/\/sitetab3.ac-reims.fr\/ec-juniville\/-wp-\/?p=6096"},"modified":"2026-01-05T19:12:53","modified_gmt":"2026-01-05T18:12:53","slug":"pas-de-transport-scolaire-pour-le-mardi-6-janvier","status":"publish","type":"post","link":"https:\/\/sitetab3.ac-reims.fr\/ec-juniville\/-wp-\/pas-de-transport-scolaire-pour-le-mardi-6-janvier\/","title":{"rendered":"Pas de transport scolaire pour le mardi 6 janvier"},"content":{"rendered":"\n<p>Madame,  Monsieur, <\/p>\n\n\n\n<p>Suite \u00e0 un arr\u00eat\u00e9 pr\u00e9fectoral suspendant le ramassage scolaire mardi 6 et mercredi 7 janvier, il n&rsquo;y aura pas de bus. <\/p>\n\n\n\n<p>Nous accueillerons bien entendu tous les \u00e9l\u00e8ves qui se pr\u00e9senteront au p\u00f4le scolaire mardi. <\/p>\n\n\n\n<p>Vous noterez bien que si vous avez amen\u00e9 le matin votre enfant, il vous incombera de venir le rechercher \u00e0 l&rsquo;issue de la classe.<\/p>\n\n\n\n<p>Cordialement Mme Fiqu\u00e9mont <\/p>\n","protected":false},"excerpt":{"rendered":"<p>Madame, Monsieur, Suite \u00e0 un arr\u00eat\u00e9 pr\u00e9fectoral suspendant le ramassage scolaire mardi 6 et mercredi 7 janvier, il n&rsquo;y aura pas de bus. Nous accueillerons bien entendu tous les \u00e9l\u00e8ves qui se pr\u00e9senteront au p\u00f4le scolaire mardi. Vous noterez bien que si vous avez amen\u00e9 le matin votre enfant, il vous incombera de venir le [&hellip;]<\/p>\n","protected":false},"author":1,"featured_media":0,"comment_status":"closed","ping_status":"open","sticky":false,"template":"","format":"standard","meta":{"ngg_post_thumbnail":0,"footnotes":""},"categories":[28,25],"tags":[],"_links":{"self":[{"href":"https:\/\/sitetab3.ac-reims.fr\/ec-juniville\/-wp-\/wp-json\/wp\/v2\/posts\/6096"}],"collection":[{"href":"https:\/\/sitetab3.ac-reims.fr\/ec-juniville\/-wp-\/wp-json\/wp\/v2\/posts"}],"about":[{"href":"https:\/\/sitetab3.ac-reims.fr\/ec-juniville\/-wp-\/wp-json\/wp\/v2\/types\/post"}],"author":[{"embeddable":true,"href":"https:\/\/sitetab3.ac-reims.fr\/ec-juniville\/-wp-\/wp-json\/wp\/v2\/users\/1"}],"replies":[{"embeddable":true,"href":"https:\/\/sitetab3.ac-reims.fr\/ec-juniville\/-wp-\/wp-json\/wp\/v2\/comments?post=6096"}],"version-history":[{"count":1,"href":"https:\/\/sitetab3.ac-reims.fr\/ec-juniville\/-wp-\/wp-json\/wp\/v2\/posts\/6096\/revisions"}],"predecessor-version":[{"id":6097,"href":"https:\/\/sitetab3.ac-reims.fr\/ec-juniville\/-wp-\/wp-json\/wp\/v2\/posts\/6096\/revisions\/6097"}],"wp:attachment":[{"href":"https:\/\/sitetab3.ac-reims.fr\/ec-juniville\/-wp-\/wp-json\/wp\/v2\/media?parent=6096"}],"wp:term":[{"taxonomy":"category","embeddable":true,"href":"https:\/\/sitetab3.ac-reims.fr\/ec-juniville\/-wp-\/wp-json\/wp\/v2\/categories?post=6096"},{"taxonomy":"post_tag","embeddable":true,"href":"https:\/\/sitetab3.ac-reims.fr\/ec-juniville\/-wp-\/wp-json\/wp\/v2\/tags?post=6096"}],"curies":[{"name":"wp","href":"https:\/\/api.w.org\/{rel}","templated":true}]}}