{"id":6162,"date":"2026-02-06T16:55:22","date_gmt":"2026-02-06T15:55:22","guid":{"rendered":"https:\/\/sitetab3.ac-reims.fr\/ec-juniville\/-wp-\/?p=6162"},"modified":"2026-02-06T16:57:15","modified_gmt":"2026-02-06T15:57:15","slug":"sejour-jura-ce2-cm1-4","status":"publish","type":"post","link":"https:\/\/sitetab3.ac-reims.fr\/ec-juniville\/-wp-\/sejour-jura-ce2-cm1-4\/","title":{"rendered":"S\u00e9jour Jura CE2-CM1"},"content":{"rendered":"\n<p>Visite d\u2019une fruiti\u00e8re \u00e0 comt\u00e9 pour terminer cette belle semaine.<\/p>\n\n\n\n<figure class=\"wp-block-image size-large\"><img loading=\"lazy\" decoding=\"async\" width=\"768\" height=\"1024\" src=\"https:\/\/sitetab3.ac-reims.fr\/ec-juniville\/-wp-\/wp-content\/uploads\/IMG_6934-768x1024.jpeg\" alt=\"\" class=\"wp-image-6163\" srcset=\"https:\/\/sitetab3.ac-reims.fr\/ec-juniville\/-wp-\/wp-content\/uploads\/IMG_6934-768x1024.jpeg 768w, https:\/\/sitetab3.ac-reims.fr\/ec-juniville\/-wp-\/wp-content\/uploads\/IMG_6934-225x300.jpeg 225w, https:\/\/sitetab3.ac-reims.fr\/ec-juniville\/-wp-\/wp-content\/uploads\/IMG_6934-1152x1536.jpeg 1152w, https:\/\/sitetab3.ac-reims.fr\/ec-juniville\/-wp-\/wp-content\/uploads\/IMG_6934-1536x2048.jpeg 1536w, https:\/\/sitetab3.ac-reims.fr\/ec-juniville\/-wp-\/wp-content\/uploads\/IMG_6934-scaled.jpeg 1920w\" sizes=\"(max-width: 768px) 100vw, 768px\" \/><\/figure>\n","protected":false},"excerpt":{"rendered":"<p>Visite d\u2019une fruiti\u00e8re \u00e0 comt\u00e9 pour terminer cette belle semaine.<\/p>\n","protected":false},"author":12,"featured_media":0,"comment_status":"closed","ping_status":"open","sticky":false,"template":"","format":"standard","meta":{"ngg_post_thumbnail":0,"footnotes":""},"categories":[34],"tags":[],"_links":{"self":[{"href":"https:\/\/sitetab3.ac-reims.fr\/ec-juniville\/-wp-\/wp-json\/wp\/v2\/posts\/6162"}],"collection":[{"href":"https:\/\/sitetab3.ac-reims.fr\/ec-juniville\/-wp-\/wp-json\/wp\/v2\/posts"}],"about":[{"href":"https:\/\/sitetab3.ac-reims.fr\/ec-juniville\/-wp-\/wp-json\/wp\/v2\/types\/post"}],"author":[{"embeddable":true,"href":"https:\/\/sitetab3.ac-reims.fr\/ec-juniville\/-wp-\/wp-json\/wp\/v2\/users\/12"}],"replies":[{"embeddable":true,"href":"https:\/\/sitetab3.ac-reims.fr\/ec-juniville\/-wp-\/wp-json\/wp\/v2\/comments?post=6162"}],"version-history":[{"count":1,"href":"https:\/\/sitetab3.ac-reims.fr\/ec-juniville\/-wp-\/wp-json\/wp\/v2\/posts\/6162\/revisions"}],"predecessor-version":[{"id":6164,"href":"https:\/\/sitetab3.ac-reims.fr\/ec-juniville\/-wp-\/wp-json\/wp\/v2\/posts\/6162\/revisions\/6164"}],"wp:attachment":[{"href":"https:\/\/sitetab3.ac-reims.fr\/ec-juniville\/-wp-\/wp-json\/wp\/v2\/media?parent=6162"}],"wp:term":[{"taxonomy":"category","embeddable":true,"href":"https:\/\/sitetab3.ac-reims.fr\/ec-juniville\/-wp-\/wp-json\/wp\/v2\/categories?post=6162"},{"taxonomy":"post_tag","embeddable":true,"href":"https:\/\/sitetab3.ac-reims.fr\/ec-juniville\/-wp-\/wp-json\/wp\/v2\/tags?post=6162"}],"curies":[{"name":"wp","href":"https:\/\/api.w.org\/{rel}","templated":true}]}}