{"id":6167,"date":"2026-02-06T19:06:43","date_gmt":"2026-02-06T18:06:43","guid":{"rendered":"https:\/\/sitetab3.ac-reims.fr\/ec-juniville\/-wp-\/?p=6167"},"modified":"2026-02-06T19:06:43","modified_gmt":"2026-02-06T18:06:43","slug":"sejour-jura-ce2-cm1-6","status":"publish","type":"post","link":"https:\/\/sitetab3.ac-reims.fr\/ec-juniville\/-wp-\/sejour-jura-ce2-cm1-6\/","title":{"rendered":"S\u00e9jour Jura CE2-CM1"},"content":{"rendered":"\n<p>Nous venons de passer Reims. Nous confirmons l\u2019arriv\u00e9e \u00e0 19h30. Ce <\/p>\n\n\n\n<p>Ci-joint une photo des v\u00eatements sans propri\u00e9taire.<\/p>\n\n\n\n<p>Un \u00e9change de pantalon de ski noir a eu lieu. Nous n\u2019avons pas rouvert toutes les valises. Celui que nous recherchons a une \u00e9tiquette au nom de l\u2019enfant. Merci de v\u00e9rifier afin que chacun retrouve son bien.<\/p>\n\n\n\n<p>\u00c0 tout \u00e0 l\u2019heure.<\/p>\n\n\n\n<figure class=\"wp-block-image size-large\"><img loading=\"lazy\" decoding=\"async\" width=\"768\" height=\"1024\" src=\"https:\/\/sitetab3.ac-reims.fr\/ec-juniville\/-wp-\/wp-content\/uploads\/IMG_6918-768x1024.jpeg\" alt=\"\" class=\"wp-image-6168\" srcset=\"https:\/\/sitetab3.ac-reims.fr\/ec-juniville\/-wp-\/wp-content\/uploads\/IMG_6918-768x1024.jpeg 768w, https:\/\/sitetab3.ac-reims.fr\/ec-juniville\/-wp-\/wp-content\/uploads\/IMG_6918-225x300.jpeg 225w, https:\/\/sitetab3.ac-reims.fr\/ec-juniville\/-wp-\/wp-content\/uploads\/IMG_6918-1152x1536.jpeg 1152w, https:\/\/sitetab3.ac-reims.fr\/ec-juniville\/-wp-\/wp-content\/uploads\/IMG_6918-1536x2048.jpeg 1536w, https:\/\/sitetab3.ac-reims.fr\/ec-juniville\/-wp-\/wp-content\/uploads\/IMG_6918-scaled.jpeg 1920w\" sizes=\"(max-width: 768px) 100vw, 768px\" \/><\/figure>\n","protected":false},"excerpt":{"rendered":"<p>Nous venons de passer Reims. Nous confirmons l\u2019arriv\u00e9e \u00e0 19h30. Ce Ci-joint une photo des v\u00eatements sans propri\u00e9taire. Un \u00e9change de pantalon de ski noir a eu lieu. Nous n\u2019avons pas rouvert toutes les valises. Celui que nous recherchons a une \u00e9tiquette au nom de l\u2019enfant. Merci de v\u00e9rifier afin que chacun retrouve son bien. [&hellip;]<\/p>\n","protected":false},"author":12,"featured_media":0,"comment_status":"closed","ping_status":"open","sticky":false,"template":"","format":"standard","meta":{"ngg_post_thumbnail":0,"footnotes":""},"categories":[34],"tags":[],"_links":{"self":[{"href":"https:\/\/sitetab3.ac-reims.fr\/ec-juniville\/-wp-\/wp-json\/wp\/v2\/posts\/6167"}],"collection":[{"href":"https:\/\/sitetab3.ac-reims.fr\/ec-juniville\/-wp-\/wp-json\/wp\/v2\/posts"}],"about":[{"href":"https:\/\/sitetab3.ac-reims.fr\/ec-juniville\/-wp-\/wp-json\/wp\/v2\/types\/post"}],"author":[{"embeddable":true,"href":"https:\/\/sitetab3.ac-reims.fr\/ec-juniville\/-wp-\/wp-json\/wp\/v2\/users\/12"}],"replies":[{"embeddable":true,"href":"https:\/\/sitetab3.ac-reims.fr\/ec-juniville\/-wp-\/wp-json\/wp\/v2\/comments?post=6167"}],"version-history":[{"count":1,"href":"https:\/\/sitetab3.ac-reims.fr\/ec-juniville\/-wp-\/wp-json\/wp\/v2\/posts\/6167\/revisions"}],"predecessor-version":[{"id":6169,"href":"https:\/\/sitetab3.ac-reims.fr\/ec-juniville\/-wp-\/wp-json\/wp\/v2\/posts\/6167\/revisions\/6169"}],"wp:attachment":[{"href":"https:\/\/sitetab3.ac-reims.fr\/ec-juniville\/-wp-\/wp-json\/wp\/v2\/media?parent=6167"}],"wp:term":[{"taxonomy":"category","embeddable":true,"href":"https:\/\/sitetab3.ac-reims.fr\/ec-juniville\/-wp-\/wp-json\/wp\/v2\/categories?post=6167"},{"taxonomy":"post_tag","embeddable":true,"href":"https:\/\/sitetab3.ac-reims.fr\/ec-juniville\/-wp-\/wp-json\/wp\/v2\/tags?post=6167"}],"curies":[{"name":"wp","href":"https:\/\/api.w.org\/{rel}","templated":true}]}}