{"id":6177,"date":"2026-02-13T10:31:47","date_gmt":"2026-02-13T09:31:47","guid":{"rendered":"https:\/\/sitetab3.ac-reims.fr\/ec-juniville\/-wp-\/?p=6177"},"modified":"2026-02-13T10:31:47","modified_gmt":"2026-02-13T09:31:47","slug":"venue-des-familles","status":"publish","type":"post","link":"https:\/\/sitetab3.ac-reims.fr\/ec-juniville\/-wp-\/venue-des-familles\/","title":{"rendered":"Venue des familles"},"content":{"rendered":"\n<p>Madame, Monsieur,&nbsp;<\/p>\n\n\n\n<p>Au regard du nombre en recrudescence d&rsquo;\u00e9changes vifs, d&rsquo;intimidation verbale et \/ ou physique et en application stricte du plan Vigipirate, il a \u00e9t\u00e9 d\u00e9cid\u00e9 hier en conseil des ma\u00eetres par l&rsquo;\u00e9quipe enseignante que <strong>dor\u00e9navant, les familles, hormis celles accompagnant un \u00e9l\u00e8ve de maternelle et celles de la classe de Mme Sauvage, ne seront plus autoris\u00e9es \u00e0 rentrer dans l\u2019enceinte du p\u00f4le scolaire. Pour toute question ou tout \u00e9claircissement, la proc\u00e9dure sera de communiquer par le biais du carnet de liaison dont dispose chaque \u00e9l\u00e8ve pour \u00e9changer par \u00e9crit dans un premier temps et si cela est n\u00e9cessaire de se rencontrer par la suite. La rencontre ne sera r\u00e9alis\u00e9e que si la famille se montre dispos\u00e9e \u00e0 \u00e9changer dans le respect mutuel et l\u2019\u00e9coute.<\/strong><\/p>\n\n\n\n<p>Bien cordialement<br>Mme FIQU\u00c9MONT Armelle<\/p>\n","protected":false},"excerpt":{"rendered":"<p>Madame, Monsieur,&nbsp; Au regard du nombre en recrudescence d&rsquo;\u00e9changes vifs, d&rsquo;intimidation verbale et \/ ou physique et en application stricte du plan Vigipirate, il a \u00e9t\u00e9 d\u00e9cid\u00e9 hier en conseil des ma\u00eetres par l&rsquo;\u00e9quipe enseignante que dor\u00e9navant, les familles, hormis celles accompagnant un \u00e9l\u00e8ve de maternelle et celles de la classe de Mme Sauvage, ne [&hellip;]<\/p>\n","protected":false},"author":1,"featured_media":0,"comment_status":"closed","ping_status":"open","sticky":false,"template":"","format":"standard","meta":{"ngg_post_thumbnail":0,"footnotes":""},"categories":[28,25],"tags":[],"_links":{"self":[{"href":"https:\/\/sitetab3.ac-reims.fr\/ec-juniville\/-wp-\/wp-json\/wp\/v2\/posts\/6177"}],"collection":[{"href":"https:\/\/sitetab3.ac-reims.fr\/ec-juniville\/-wp-\/wp-json\/wp\/v2\/posts"}],"about":[{"href":"https:\/\/sitetab3.ac-reims.fr\/ec-juniville\/-wp-\/wp-json\/wp\/v2\/types\/post"}],"author":[{"embeddable":true,"href":"https:\/\/sitetab3.ac-reims.fr\/ec-juniville\/-wp-\/wp-json\/wp\/v2\/users\/1"}],"replies":[{"embeddable":true,"href":"https:\/\/sitetab3.ac-reims.fr\/ec-juniville\/-wp-\/wp-json\/wp\/v2\/comments?post=6177"}],"version-history":[{"count":1,"href":"https:\/\/sitetab3.ac-reims.fr\/ec-juniville\/-wp-\/wp-json\/wp\/v2\/posts\/6177\/revisions"}],"predecessor-version":[{"id":6178,"href":"https:\/\/sitetab3.ac-reims.fr\/ec-juniville\/-wp-\/wp-json\/wp\/v2\/posts\/6177\/revisions\/6178"}],"wp:attachment":[{"href":"https:\/\/sitetab3.ac-reims.fr\/ec-juniville\/-wp-\/wp-json\/wp\/v2\/media?parent=6177"}],"wp:term":[{"taxonomy":"category","embeddable":true,"href":"https:\/\/sitetab3.ac-reims.fr\/ec-juniville\/-wp-\/wp-json\/wp\/v2\/categories?post=6177"},{"taxonomy":"post_tag","embeddable":true,"href":"https:\/\/sitetab3.ac-reims.fr\/ec-juniville\/-wp-\/wp-json\/wp\/v2\/tags?post=6177"}],"curies":[{"name":"wp","href":"https:\/\/api.w.org\/{rel}","templated":true}]}}