{"id":6189,"date":"2026-03-19T11:54:07","date_gmt":"2026-03-19T10:54:07","guid":{"rendered":"https:\/\/sitetab3.ac-reims.fr\/ec-juniville\/-wp-\/?p=6189"},"modified":"2026-03-19T11:54:07","modified_gmt":"2026-03-19T10:54:07","slug":"sortie-a-16h30","status":"publish","type":"post","link":"https:\/\/sitetab3.ac-reims.fr\/ec-juniville\/-wp-\/sortie-a-16h30\/","title":{"rendered":"Sortie \u00e0 16h30"},"content":{"rendered":"\n<p>Madame, Monsieur,&nbsp;<\/p>\n\n\n\n<p>La sortie \u00e0 16h30 n&rsquo;est pas ais\u00e9e en raison du flux d&rsquo;enfants sortant et d&rsquo;adultes rentrant, tous \u00e0 la m\u00eame heure et nous n&rsquo;avons pas la possibilit\u00e9 de faire autrement .<\/p>\n\n\n\n<p>Vous voudrez bien laisser libre d&rsquo;acc\u00e8s la voie pour le car o\u00f9 de nombreux parents s&rsquo;y faufilent pour entrer ou sortir .<\/p>\n\n\n\n<p>Cette voie est exclusivement r\u00e9serv\u00e9e aux accompagnatrices et aux \u00e9l\u00e8ves reprenant le car.<\/p>\n\n\n\n<p>En vous remerciant par avance.<\/p>\n\n\n\n<p>Bien cordialement<br>Mme FIQU\u00c9MONT Armelle<\/p>\n","protected":false},"excerpt":{"rendered":"<p>Madame, Monsieur,&nbsp; La sortie \u00e0 16h30 n&rsquo;est pas ais\u00e9e en raison du flux d&rsquo;enfants sortant et d&rsquo;adultes rentrant, tous \u00e0 la m\u00eame heure et nous n&rsquo;avons pas la possibilit\u00e9 de faire autrement . Vous voudrez bien laisser libre d&rsquo;acc\u00e8s la voie pour le car o\u00f9 de nombreux parents s&rsquo;y faufilent pour entrer ou sortir . [&hellip;]<\/p>\n","protected":false},"author":1,"featured_media":0,"comment_status":"closed","ping_status":"open","sticky":false,"template":"","format":"standard","meta":{"ngg_post_thumbnail":0,"footnotes":""},"categories":[28,25],"tags":[],"_links":{"self":[{"href":"https:\/\/sitetab3.ac-reims.fr\/ec-juniville\/-wp-\/wp-json\/wp\/v2\/posts\/6189"}],"collection":[{"href":"https:\/\/sitetab3.ac-reims.fr\/ec-juniville\/-wp-\/wp-json\/wp\/v2\/posts"}],"about":[{"href":"https:\/\/sitetab3.ac-reims.fr\/ec-juniville\/-wp-\/wp-json\/wp\/v2\/types\/post"}],"author":[{"embeddable":true,"href":"https:\/\/sitetab3.ac-reims.fr\/ec-juniville\/-wp-\/wp-json\/wp\/v2\/users\/1"}],"replies":[{"embeddable":true,"href":"https:\/\/sitetab3.ac-reims.fr\/ec-juniville\/-wp-\/wp-json\/wp\/v2\/comments?post=6189"}],"version-history":[{"count":1,"href":"https:\/\/sitetab3.ac-reims.fr\/ec-juniville\/-wp-\/wp-json\/wp\/v2\/posts\/6189\/revisions"}],"predecessor-version":[{"id":6190,"href":"https:\/\/sitetab3.ac-reims.fr\/ec-juniville\/-wp-\/wp-json\/wp\/v2\/posts\/6189\/revisions\/6190"}],"wp:attachment":[{"href":"https:\/\/sitetab3.ac-reims.fr\/ec-juniville\/-wp-\/wp-json\/wp\/v2\/media?parent=6189"}],"wp:term":[{"taxonomy":"category","embeddable":true,"href":"https:\/\/sitetab3.ac-reims.fr\/ec-juniville\/-wp-\/wp-json\/wp\/v2\/categories?post=6189"},{"taxonomy":"post_tag","embeddable":true,"href":"https:\/\/sitetab3.ac-reims.fr\/ec-juniville\/-wp-\/wp-json\/wp\/v2\/tags?post=6189"}],"curies":[{"name":"wp","href":"https:\/\/api.w.org\/{rel}","templated":true}]}}