{"id":6191,"date":"2026-03-19T11:54:53","date_gmt":"2026-03-19T10:54:53","guid":{"rendered":"https:\/\/sitetab3.ac-reims.fr\/ec-juniville\/-wp-\/?p=6191"},"modified":"2026-03-19T11:54:53","modified_gmt":"2026-03-19T10:54:53","slug":"marche-printaniere","status":"publish","type":"post","link":"https:\/\/sitetab3.ac-reims.fr\/ec-juniville\/-wp-\/marche-printaniere\/","title":{"rendered":"Marche printani\u00e8re"},"content":{"rendered":"\n<p>Madame, Monsieur,&nbsp;<\/p>\n\n\n\n<p>En raison de l&rsquo;absence de week-ends sans f\u00eate, pont ou retour de classe de d\u00e9couverte, la marche printani\u00e8re ne peut pas \u00eatre programm\u00e9e cette ann\u00e9e.<\/p>\n\n\n\n<p>Nous r\u00e9it\u00e9rons la marche \u00e0 la rentr\u00e9e, habituellement programm\u00e9e le week-end mi- septembre , en vous comptant nombreux lors de ce moment convivial.<\/p>\n\n\n\n<p>Belle journ\u00e9e \u00e0 vous.<\/p>\n\n\n\n<p>Bien cordialement<br>Mme FIQU\u00c9MONT Armelle<\/p>\n","protected":false},"excerpt":{"rendered":"<p>Madame, Monsieur,&nbsp; En raison de l&rsquo;absence de week-ends sans f\u00eate, pont ou retour de classe de d\u00e9couverte, la marche printani\u00e8re ne peut pas \u00eatre programm\u00e9e cette ann\u00e9e. Nous r\u00e9it\u00e9rons la marche \u00e0 la rentr\u00e9e, habituellement programm\u00e9e le week-end mi- septembre , en vous comptant nombreux lors de ce moment convivial. Belle journ\u00e9e \u00e0 vous. Bien [&hellip;]<\/p>\n","protected":false},"author":1,"featured_media":0,"comment_status":"closed","ping_status":"open","sticky":false,"template":"","format":"standard","meta":{"ngg_post_thumbnail":0,"footnotes":""},"categories":[28,25],"tags":[],"_links":{"self":[{"href":"https:\/\/sitetab3.ac-reims.fr\/ec-juniville\/-wp-\/wp-json\/wp\/v2\/posts\/6191"}],"collection":[{"href":"https:\/\/sitetab3.ac-reims.fr\/ec-juniville\/-wp-\/wp-json\/wp\/v2\/posts"}],"about":[{"href":"https:\/\/sitetab3.ac-reims.fr\/ec-juniville\/-wp-\/wp-json\/wp\/v2\/types\/post"}],"author":[{"embeddable":true,"href":"https:\/\/sitetab3.ac-reims.fr\/ec-juniville\/-wp-\/wp-json\/wp\/v2\/users\/1"}],"replies":[{"embeddable":true,"href":"https:\/\/sitetab3.ac-reims.fr\/ec-juniville\/-wp-\/wp-json\/wp\/v2\/comments?post=6191"}],"version-history":[{"count":1,"href":"https:\/\/sitetab3.ac-reims.fr\/ec-juniville\/-wp-\/wp-json\/wp\/v2\/posts\/6191\/revisions"}],"predecessor-version":[{"id":6192,"href":"https:\/\/sitetab3.ac-reims.fr\/ec-juniville\/-wp-\/wp-json\/wp\/v2\/posts\/6191\/revisions\/6192"}],"wp:attachment":[{"href":"https:\/\/sitetab3.ac-reims.fr\/ec-juniville\/-wp-\/wp-json\/wp\/v2\/media?parent=6191"}],"wp:term":[{"taxonomy":"category","embeddable":true,"href":"https:\/\/sitetab3.ac-reims.fr\/ec-juniville\/-wp-\/wp-json\/wp\/v2\/categories?post=6191"},{"taxonomy":"post_tag","embeddable":true,"href":"https:\/\/sitetab3.ac-reims.fr\/ec-juniville\/-wp-\/wp-json\/wp\/v2\/tags?post=6191"}],"curies":[{"name":"wp","href":"https:\/\/api.w.org\/{rel}","templated":true}]}}