{"id":636,"date":"2025-08-30T09:47:00","date_gmt":"2025-08-30T07:47:00","guid":{"rendered":"http:\/\/sitetab3.ac-reims.fr\/ec-juniville\/-wp-\/?p=636"},"modified":"2025-06-13T14:29:31","modified_gmt":"2025-06-13T12:29:31","slug":"utilisation-du-visiophone","status":"publish","type":"post","link":"https:\/\/sitetab3.ac-reims.fr\/ec-juniville\/-wp-\/utilisation-du-visiophone\/","title":{"rendered":"Utilisation du visiophone"},"content":{"rendered":"<p>Chers parents,<\/p>\n<p>Dans le cadre de la s\u00e9curisation du p\u00f4le scolaire de Juniville, les entr\u00e9es du p\u00f4le scolaire sont contr\u00f4l\u00e9es par un visiophone .<\/p>\n<p>Pour pouvoir entrer , il vous suffit d&rsquo;appuyer sur le bouton gris situ\u00e9 sous le cadre rectangulaire blanc.<\/p>\n<p>Une fois en communication avec vous, &nbsp;vous&nbsp; voudrez bien <span style=\"text-decoration: underline;\"><strong>d\u00e9cliner votre identit\u00e9 et le motif de votre venue<\/strong><\/span>. L<span style=\"text-decoration: underline;\">&lsquo;ouverture du portail<\/span>&nbsp; est automatique : il convient de <span style=\"text-decoration: underline;\">ne pas pousser<\/span>. Il s&rsquo;ouvre lentement mais s\u00fbrement.<\/p>\n<p><span style=\"text-decoration: underline;\">Pour ressortir<\/span> de l&rsquo;\u00e9cole, il vous suffit <span style=\"text-decoration: underline;\">d&rsquo;appuyer sur le gros bouton gris situ\u00e9 sous le pr\u00e9au<\/span>. Celui &#8211; ci actionne l&rsquo;ouverture automatique du battant du portail.<\/p>\n<p>Mme Fiqu\u00e9mont&nbsp;&nbsp;&nbsp;&nbsp;&nbsp;, la directrice<\/p>\n","protected":false},"excerpt":{"rendered":"<p>Chers parents, Dans le cadre de la s\u00e9curisation du p\u00f4le scolaire de Juniville, les entr\u00e9es du p\u00f4le scolaire sont contr\u00f4l\u00e9es par un visiophone . Pour pouvoir entrer , il vous suffit d&rsquo;appuyer sur le bouton gris situ\u00e9 sous le cadre rectangulaire blanc. Une fois en communication avec vous, &nbsp;vous&nbsp; voudrez bien d\u00e9cliner votre identit\u00e9 et [&hellip;]<\/p>\n","protected":false},"author":1,"featured_media":0,"comment_status":"open","ping_status":"open","sticky":false,"template":"","format":"standard","meta":{"ngg_post_thumbnail":0,"footnotes":""},"categories":[28,25],"tags":[],"_links":{"self":[{"href":"https:\/\/sitetab3.ac-reims.fr\/ec-juniville\/-wp-\/wp-json\/wp\/v2\/posts\/636"}],"collection":[{"href":"https:\/\/sitetab3.ac-reims.fr\/ec-juniville\/-wp-\/wp-json\/wp\/v2\/posts"}],"about":[{"href":"https:\/\/sitetab3.ac-reims.fr\/ec-juniville\/-wp-\/wp-json\/wp\/v2\/types\/post"}],"author":[{"embeddable":true,"href":"https:\/\/sitetab3.ac-reims.fr\/ec-juniville\/-wp-\/wp-json\/wp\/v2\/users\/1"}],"replies":[{"embeddable":true,"href":"https:\/\/sitetab3.ac-reims.fr\/ec-juniville\/-wp-\/wp-json\/wp\/v2\/comments?post=636"}],"version-history":[{"count":5,"href":"https:\/\/sitetab3.ac-reims.fr\/ec-juniville\/-wp-\/wp-json\/wp\/v2\/posts\/636\/revisions"}],"predecessor-version":[{"id":3809,"href":"https:\/\/sitetab3.ac-reims.fr\/ec-juniville\/-wp-\/wp-json\/wp\/v2\/posts\/636\/revisions\/3809"}],"wp:attachment":[{"href":"https:\/\/sitetab3.ac-reims.fr\/ec-juniville\/-wp-\/wp-json\/wp\/v2\/media?parent=636"}],"wp:term":[{"taxonomy":"category","embeddable":true,"href":"https:\/\/sitetab3.ac-reims.fr\/ec-juniville\/-wp-\/wp-json\/wp\/v2\/categories?post=636"},{"taxonomy":"post_tag","embeddable":true,"href":"https:\/\/sitetab3.ac-reims.fr\/ec-juniville\/-wp-\/wp-json\/wp\/v2\/tags?post=636"}],"curies":[{"name":"wp","href":"https:\/\/api.w.org\/{rel}","templated":true}]}}