{"id":672,"date":"2025-08-30T07:47:00","date_gmt":"2025-08-30T05:47:00","guid":{"rendered":"http:\/\/sitetab3.ac-reims.fr\/ec-juniville\/-wp-\/?p=672"},"modified":"2025-06-13T14:29:12","modified_gmt":"2025-06-13T12:29:12","slug":"signaler-labsence-de-votre-enfant-a-lecole","status":"publish","type":"post","link":"https:\/\/sitetab3.ac-reims.fr\/ec-juniville\/-wp-\/signaler-labsence-de-votre-enfant-a-lecole\/","title":{"rendered":"Signaler l&rsquo;absence de votre enfant \u00e0 l&rsquo;\u00e9cole"},"content":{"rendered":"<p>Toute absence doit \u00eatre pr\u00e9venue <strong>avant 8h50<\/strong> :<\/p>\n<p>_ soit par t\u00e9l\u00e9phone au 03.24.72.71.46 ( r\u00e9pondeur 24h\/24, 7j\/7),<\/p>\n<p>_ soit &nbsp;par mail sur la messagerie de l\u2019\u00e9cole <u>ce.0080476z@ac-reims.fr<\/u><\/p>\n<p>_ou encore&nbsp;par un mot \u00e9crit transmis par un parent-ami-voisin- fr\u00e8re ou soeur&nbsp;au moment de l\u2019accueil&nbsp;.<\/p>\n<p>Les absences \u00e9tant consign\u00e9es chaque demi-journ\u00e9e dans le registre d\u2019appel tenu par l\u2019enseignant, <strong><span style=\"text-decoration: underline;\">toute absence en primaire comme en maternelle devra \u00eatre signal\u00e9e et sera<\/span><span style=\"text-decoration: underline;\"> justifi\u00e9e par \u00e9crit<\/span> <\/strong>dans les 48 heures avec production le cas \u00e9ch\u00e9ant d\u2019un certificat m\u00e9dical (uniquement dans le cas de maladies contagieuses).<\/p>\n<p>Si l\u2019absence est pr\u00e9vue, le faire savoir au pr\u00e9alable \u00e0 l&rsquo;enseignante en pr\u00e9cisant toujours le motif.<\/p>\n","protected":false},"excerpt":{"rendered":"<p>Toute absence doit \u00eatre pr\u00e9venue avant 8h50 : _ soit par t\u00e9l\u00e9phone au 03.24.72.71.46 ( r\u00e9pondeur 24h\/24, 7j\/7), _ soit &nbsp;par mail sur la messagerie de l\u2019\u00e9cole ce.0080476z@ac-reims.fr _ou encore&nbsp;par un mot \u00e9crit transmis par un parent-ami-voisin- fr\u00e8re ou soeur&nbsp;au moment de l\u2019accueil&nbsp;. Les absences \u00e9tant consign\u00e9es chaque demi-journ\u00e9e dans le registre d\u2019appel tenu par [&hellip;]<\/p>\n","protected":false},"author":1,"featured_media":0,"comment_status":"open","ping_status":"open","sticky":false,"template":"","format":"standard","meta":{"ngg_post_thumbnail":0,"footnotes":""},"categories":[28,25],"tags":[],"_links":{"self":[{"href":"https:\/\/sitetab3.ac-reims.fr\/ec-juniville\/-wp-\/wp-json\/wp\/v2\/posts\/672"}],"collection":[{"href":"https:\/\/sitetab3.ac-reims.fr\/ec-juniville\/-wp-\/wp-json\/wp\/v2\/posts"}],"about":[{"href":"https:\/\/sitetab3.ac-reims.fr\/ec-juniville\/-wp-\/wp-json\/wp\/v2\/types\/post"}],"author":[{"embeddable":true,"href":"https:\/\/sitetab3.ac-reims.fr\/ec-juniville\/-wp-\/wp-json\/wp\/v2\/users\/1"}],"replies":[{"embeddable":true,"href":"https:\/\/sitetab3.ac-reims.fr\/ec-juniville\/-wp-\/wp-json\/wp\/v2\/comments?post=672"}],"version-history":[{"count":3,"href":"https:\/\/sitetab3.ac-reims.fr\/ec-juniville\/-wp-\/wp-json\/wp\/v2\/posts\/672\/revisions"}],"predecessor-version":[{"id":3813,"href":"https:\/\/sitetab3.ac-reims.fr\/ec-juniville\/-wp-\/wp-json\/wp\/v2\/posts\/672\/revisions\/3813"}],"wp:attachment":[{"href":"https:\/\/sitetab3.ac-reims.fr\/ec-juniville\/-wp-\/wp-json\/wp\/v2\/media?parent=672"}],"wp:term":[{"taxonomy":"category","embeddable":true,"href":"https:\/\/sitetab3.ac-reims.fr\/ec-juniville\/-wp-\/wp-json\/wp\/v2\/categories?post=672"},{"taxonomy":"post_tag","embeddable":true,"href":"https:\/\/sitetab3.ac-reims.fr\/ec-juniville\/-wp-\/wp-json\/wp\/v2\/tags?post=672"}],"curies":[{"name":"wp","href":"https:\/\/api.w.org\/{rel}","templated":true}]}}