{"id":725,"date":"2025-08-30T10:49:00","date_gmt":"2025-08-30T08:49:00","guid":{"rendered":"http:\/\/sitetab3.ac-reims.fr\/ec-juniville\/-wp-\/?p=725"},"modified":"2025-08-29T15:05:55","modified_gmt":"2025-08-29T13:05:55","slug":"scolaire-ou-periscolaire","status":"publish","type":"post","link":"https:\/\/sitetab3.ac-reims.fr\/ec-juniville\/-wp-\/scolaire-ou-periscolaire\/","title":{"rendered":"Scolaire ou p\u00e9riscolaire ?"},"content":{"rendered":"<p>Chers parents,<\/p>\n<p>Entre 8h50 et 12h puis entre 13h20 et 16h30, votre enfant est plac\u00e9 sous la responsabilit\u00e9 de l&rsquo;Education nationale donc de son enseignante et de la directrice d&rsquo;\u00e9cole comme il s&rsquo;agit d&rsquo;un temps scolaire.<\/p>\n<p>En dehors de ces horaires scolaires&nbsp;, donc avant 8h50, entre 12h et 13h20 et apr\u00e8s 16h30, votre enfant est plac\u00e9 sous la responsabilit\u00e9 de la Communaut\u00e9 de Communes du pays rethelois qui a mis en place tout un syst\u00e8me p\u00e9riscolaire r\u00e9pondant \u00e0 vos besoins.<\/p>\n<p>Afin de pouvoir b\u00e9n\u00e9ficier des services p\u00e9riscolaires propos\u00e9s ( garderie, restauration), il vous faut <strong>obligatoirement et au pr\u00e9alable inscrire votre enfant aupr\u00e8s de la CCPR&nbsp;<\/strong> via la maison relais de Juniville, ou \u00e0 Sault- L\u00e8s-&nbsp; Rethel ou encore &nbsp;via le portail famille par internet.<\/p>\n<p><span style=\"text-decoration: underline;\">Pour tout changement de service p\u00e9riscolaire que ce soit un ajout, une modification ou une suppression de service , vous devez vous adresser \u00e0 la CCPR&nbsp; en <strong>contactant :<\/strong><\/span><\/p>\n<p><span style=\"text-decoration: underline;\"><strong>_ la maison relais de Juniville&nbsp; au 03.24.72.72.76 <\/strong><\/span><\/p>\n<p><span style=\"text-decoration: underline;\"><strong>_ ou la&nbsp; directrice&nbsp; du p\u00e9riscolaire Mme Myl\u00e8ne Moriam\u00e9 au 06.84.65.71.35 ( MERCI D&rsquo;ENREGISTRER SON NUM\u00c9RO DANS VOTRE T\u00c9L\u00c9PHONE)<br \/>\n<\/strong><\/span><\/p>\n<p><span style=\"text-decoration: underline;\"><strong>_ ou encore le service enfance et jeunesse de la CCPR \u00e0 Sault &#8211; L\u00e8s-Rethel au 03.52.100.100<\/strong><br \/>\n<\/span><\/p>\n<p>&nbsp;<\/p>\n<p>Mme Fiqu\u00e9mont, la directrice du p\u00f4le scolaire<\/p>\n","protected":false},"excerpt":{"rendered":"<p>Chers parents, Entre 8h50 et 12h puis entre 13h20 et 16h30, votre enfant est plac\u00e9 sous la responsabilit\u00e9 de l&rsquo;Education nationale donc de son enseignante et de la directrice d&rsquo;\u00e9cole comme il s&rsquo;agit d&rsquo;un temps scolaire. En dehors de ces horaires scolaires&nbsp;, donc avant 8h50, entre 12h et 13h20 et apr\u00e8s 16h30, votre enfant est [&hellip;]<\/p>\n","protected":false},"author":1,"featured_media":0,"comment_status":"open","ping_status":"open","sticky":false,"template":"","format":"standard","meta":{"ngg_post_thumbnail":0,"footnotes":""},"categories":[28,25,21],"tags":[],"_links":{"self":[{"href":"https:\/\/sitetab3.ac-reims.fr\/ec-juniville\/-wp-\/wp-json\/wp\/v2\/posts\/725"}],"collection":[{"href":"https:\/\/sitetab3.ac-reims.fr\/ec-juniville\/-wp-\/wp-json\/wp\/v2\/posts"}],"about":[{"href":"https:\/\/sitetab3.ac-reims.fr\/ec-juniville\/-wp-\/wp-json\/wp\/v2\/types\/post"}],"author":[{"embeddable":true,"href":"https:\/\/sitetab3.ac-reims.fr\/ec-juniville\/-wp-\/wp-json\/wp\/v2\/users\/1"}],"replies":[{"embeddable":true,"href":"https:\/\/sitetab3.ac-reims.fr\/ec-juniville\/-wp-\/wp-json\/wp\/v2\/comments?post=725"}],"version-history":[{"count":9,"href":"https:\/\/sitetab3.ac-reims.fr\/ec-juniville\/-wp-\/wp-json\/wp\/v2\/posts\/725\/revisions"}],"predecessor-version":[{"id":6024,"href":"https:\/\/sitetab3.ac-reims.fr\/ec-juniville\/-wp-\/wp-json\/wp\/v2\/posts\/725\/revisions\/6024"}],"wp:attachment":[{"href":"https:\/\/sitetab3.ac-reims.fr\/ec-juniville\/-wp-\/wp-json\/wp\/v2\/media?parent=725"}],"wp:term":[{"taxonomy":"category","embeddable":true,"href":"https:\/\/sitetab3.ac-reims.fr\/ec-juniville\/-wp-\/wp-json\/wp\/v2\/categories?post=725"},{"taxonomy":"post_tag","embeddable":true,"href":"https:\/\/sitetab3.ac-reims.fr\/ec-juniville\/-wp-\/wp-json\/wp\/v2\/tags?post=725"}],"curies":[{"name":"wp","href":"https:\/\/api.w.org\/{rel}","templated":true}]}}