{"id":75,"date":"2018-01-28T21:18:40","date_gmt":"2018-01-28T20:18:40","guid":{"rendered":"http:\/\/sitetab3.ac-reims.fr\/ec-juniville\/-wp-\/?p=75"},"modified":"2018-01-28T21:18:40","modified_gmt":"2018-01-28T20:18:40","slug":"les-documents-a-presenter","status":"publish","type":"post","link":"https:\/\/sitetab3.ac-reims.fr\/ec-juniville\/-wp-\/les-documents-a-presenter\/","title":{"rendered":"Les documents \u00e0 pr\u00e9senter"},"content":{"rendered":"<p><u>Se munir de<\/u>\u00a0:<\/p>\n<p>&nbsp;<\/p>\n<ul>\n<li>Un justificatif de domicile (quittance d&rsquo;\u00e9lectricit\u00e9 ou t\u00e9l\u00e9phone fixe, acte de vente du logement),<\/li>\n<li>Le livret de famille<\/li>\n<li>L&rsquo;avis d&rsquo;imposition N-1 du foyer<\/li>\n<li>Le nom de la compagnie d&rsquo;assurance et le num\u00e9ro de contrat de la couverture \u00ab\u00a0responsabilit\u00e9 civile\u00a0\u00bb<\/li>\n<li>Un certificat de radiation de l&rsquo;\u00e9cole fr\u00e9quent\u00e9e si l&rsquo;enfant a d\u00e9j\u00e0 \u00e9t\u00e9 scolaris\u00e9,<\/li>\n<li>Le carnet de sant\u00e9 de l&rsquo;enfant,<\/li>\n<li>Une photo d&rsquo;identit\u00e9 de l&rsquo;enfant.<\/li>\n<li>Votre num\u00e9ro d\u2019allocataire CAF si vous en avez un.<\/li>\n<\/ul>\n","protected":false},"excerpt":{"rendered":"<p>Se munir de\u00a0: &nbsp; Un justificatif de domicile (quittance d&rsquo;\u00e9lectricit\u00e9 ou t\u00e9l\u00e9phone fixe, acte de vente du logement), Le livret de famille L&rsquo;avis d&rsquo;imposition N-1 du foyer Le nom de la compagnie d&rsquo;assurance et le num\u00e9ro de contrat de la couverture \u00ab\u00a0responsabilit\u00e9 civile\u00a0\u00bb Un certificat de radiation de l&rsquo;\u00e9cole fr\u00e9quent\u00e9e si l&rsquo;enfant a d\u00e9j\u00e0 \u00e9t\u00e9 [&hellip;]<\/p>\n","protected":false},"author":1,"featured_media":0,"comment_status":"open","ping_status":"open","sticky":false,"template":"","format":"standard","meta":{"ngg_post_thumbnail":0,"footnotes":""},"categories":[33],"tags":[],"_links":{"self":[{"href":"https:\/\/sitetab3.ac-reims.fr\/ec-juniville\/-wp-\/wp-json\/wp\/v2\/posts\/75"}],"collection":[{"href":"https:\/\/sitetab3.ac-reims.fr\/ec-juniville\/-wp-\/wp-json\/wp\/v2\/posts"}],"about":[{"href":"https:\/\/sitetab3.ac-reims.fr\/ec-juniville\/-wp-\/wp-json\/wp\/v2\/types\/post"}],"author":[{"embeddable":true,"href":"https:\/\/sitetab3.ac-reims.fr\/ec-juniville\/-wp-\/wp-json\/wp\/v2\/users\/1"}],"replies":[{"embeddable":true,"href":"https:\/\/sitetab3.ac-reims.fr\/ec-juniville\/-wp-\/wp-json\/wp\/v2\/comments?post=75"}],"version-history":[{"count":1,"href":"https:\/\/sitetab3.ac-reims.fr\/ec-juniville\/-wp-\/wp-json\/wp\/v2\/posts\/75\/revisions"}],"predecessor-version":[{"id":76,"href":"https:\/\/sitetab3.ac-reims.fr\/ec-juniville\/-wp-\/wp-json\/wp\/v2\/posts\/75\/revisions\/76"}],"wp:attachment":[{"href":"https:\/\/sitetab3.ac-reims.fr\/ec-juniville\/-wp-\/wp-json\/wp\/v2\/media?parent=75"}],"wp:term":[{"taxonomy":"category","embeddable":true,"href":"https:\/\/sitetab3.ac-reims.fr\/ec-juniville\/-wp-\/wp-json\/wp\/v2\/categories?post=75"},{"taxonomy":"post_tag","embeddable":true,"href":"https:\/\/sitetab3.ac-reims.fr\/ec-juniville\/-wp-\/wp-json\/wp\/v2\/tags?post=75"}],"curies":[{"name":"wp","href":"https:\/\/api.w.org\/{rel}","templated":true}]}}