{"id":77,"date":"2018-01-28T21:22:08","date_gmt":"2018-01-28T20:22:08","guid":{"rendered":"http:\/\/sitetab3.ac-reims.fr\/ec-juniville\/-wp-\/?p=77"},"modified":"2022-06-21T10:07:30","modified_gmt":"2022-06-21T08:07:30","slug":"les-horaires-de-la-maison-relais","status":"publish","type":"post","link":"https:\/\/sitetab3.ac-reims.fr\/ec-juniville\/-wp-\/les-horaires-de-la-maison-relais\/","title":{"rendered":"Les horaires de la maison relais"},"content":{"rendered":"<p><span style=\"color: #ff0000;\">Matin&nbsp;:<\/span> Lundi, mercredi et vendredi de 8h30 \u00e0 12h<\/p>\n<p>mardi et jeudi de 8h30 \u00e0 10h<\/p>\n<p>&nbsp;<\/p>\n<p><span style=\"color: #ff0000;\">Apr\u00e8s-midi&nbsp;:<\/span> lundi et mardi de 13h30 \u00e0 17h30<\/p>\n<p>vendredi de 13h30 \u00e0 17h<\/p>\n<p>&nbsp;<\/p>\n<p><span style=\"text-decoration: underline;\">adresse<\/span> : le nouveau b\u00e2timent \u00e0 c\u00f4t\u00e9 de l&rsquo;ancienne mairie de Juniville<\/p>\n<p><span style=\"text-decoration: underline;\">t\u00e9l\u00e9phone<\/span> : &nbsp;03.24.72.72.76<\/p>\n","protected":false},"excerpt":{"rendered":"<p>Matin&nbsp;: Lundi, mercredi et vendredi de 8h30 \u00e0 12h mardi et jeudi de 8h30 \u00e0 10h &nbsp; Apr\u00e8s-midi&nbsp;: lundi et mardi de 13h30 \u00e0 17h30 vendredi de 13h30 \u00e0 17h &nbsp; adresse : le nouveau b\u00e2timent \u00e0 c\u00f4t\u00e9 de l&rsquo;ancienne mairie de Juniville t\u00e9l\u00e9phone : &nbsp;03.24.72.72.76<\/p>\n","protected":false},"author":1,"featured_media":0,"comment_status":"open","ping_status":"open","sticky":false,"template":"","format":"standard","meta":{"ngg_post_thumbnail":0,"footnotes":""},"categories":[32],"tags":[],"_links":{"self":[{"href":"https:\/\/sitetab3.ac-reims.fr\/ec-juniville\/-wp-\/wp-json\/wp\/v2\/posts\/77"}],"collection":[{"href":"https:\/\/sitetab3.ac-reims.fr\/ec-juniville\/-wp-\/wp-json\/wp\/v2\/posts"}],"about":[{"href":"https:\/\/sitetab3.ac-reims.fr\/ec-juniville\/-wp-\/wp-json\/wp\/v2\/types\/post"}],"author":[{"embeddable":true,"href":"https:\/\/sitetab3.ac-reims.fr\/ec-juniville\/-wp-\/wp-json\/wp\/v2\/users\/1"}],"replies":[{"embeddable":true,"href":"https:\/\/sitetab3.ac-reims.fr\/ec-juniville\/-wp-\/wp-json\/wp\/v2\/comments?post=77"}],"version-history":[{"count":2,"href":"https:\/\/sitetab3.ac-reims.fr\/ec-juniville\/-wp-\/wp-json\/wp\/v2\/posts\/77\/revisions"}],"predecessor-version":[{"id":4421,"href":"https:\/\/sitetab3.ac-reims.fr\/ec-juniville\/-wp-\/wp-json\/wp\/v2\/posts\/77\/revisions\/4421"}],"wp:attachment":[{"href":"https:\/\/sitetab3.ac-reims.fr\/ec-juniville\/-wp-\/wp-json\/wp\/v2\/media?parent=77"}],"wp:term":[{"taxonomy":"category","embeddable":true,"href":"https:\/\/sitetab3.ac-reims.fr\/ec-juniville\/-wp-\/wp-json\/wp\/v2\/categories?post=77"},{"taxonomy":"post_tag","embeddable":true,"href":"https:\/\/sitetab3.ac-reims.fr\/ec-juniville\/-wp-\/wp-json\/wp\/v2\/tags?post=77"}],"curies":[{"name":"wp","href":"https:\/\/api.w.org\/{rel}","templated":true}]}}