{"id":6261,"date":"2026-03-22T08:34:25","date_gmt":"2026-03-22T07:34:25","guid":{"rendered":"https:\/\/sitetab3.ac-reims.fr\/ec-launois\/-wp-\/?p=6261"},"modified":"2026-03-22T08:34:25","modified_gmt":"2026-03-22T07:34:25","slug":"jeudi-19-mars","status":"publish","type":"post","link":"https:\/\/sitetab3.ac-reims.fr\/ec-launois\/-wp-\/jeudi-19-mars\/","title":{"rendered":"Jeudi, 19 mars"},"content":{"rendered":"\n<p>C&rsquo;\u00e9tait Lucie l&rsquo;\u00e9l\u00e8ve de service. <\/p>\n\n\n\n<p>Ce matin on a fait du sport. On a fait des parcours : on s&rsquo;entra\u00eene \u00e0 faire de la gymnastique. On a fait une roulade en arri\u00e8re et il fallait arriver sur ses pieds. On a appris \u00e0 voler : il fallait tourner en l&rsquo;air. Pour s&rsquo;entra\u00eener \u00e0 grimper, on a grimp\u00e9 sur les bancs et sur les escaliers en mousse. On est mont\u00e9 sur un banc et on a march\u00e9 en arri\u00e8re.<\/p>\n\n\n\n<p>Ce soir, on a \u00e9cout\u00e9 de la musique. C&rsquo;\u00e9tait un orchestre. Il y avait un piano, et le piano c&rsquo;\u00e9tait l&rsquo;instrument pr\u00e9f\u00e9r\u00e9 du compositeur. Il y avait une clarinette. Il y avait du violon. Il y avait de la trompette, du trombone et d\u00e9cor. Il n&rsquo;y avait pas de guitare. Il y avait un th\u00e8me. C&rsquo;\u00e9tait Rhapsodie in Blue de George Gershwin.<\/p>\n\n\n\n<p>Aujourd&rsquo;hui, ma\u00eetre Christian s&rsquo;est un peu f\u00e2ch\u00e9 parce qu&rsquo;on parlait un peu trop fort. <\/p>\n\n\n\n<p>On a essay\u00e9 de mettre de la neige dans un placard, au soleil, et on a mis de l&rsquo;eau sur la neige pour voir si elle fond. On a mis de la neige devant un ventilateur pour essayer de la faire s&rsquo;envoler.<\/p>\n\n\n<div class=\"wp-block-image\">\n<figure class=\"aligncenter size-full\"><img loading=\"lazy\" decoding=\"async\" width=\"283\" height=\"377\" src=\"https:\/\/sitetab3.ac-reims.fr\/ec-launois\/-wp-\/wp-content\/uploads\/2026\/03\/IMG20260319160453.jpg\" alt=\"\" class=\"wp-image-6262\" srcset=\"https:\/\/sitetab3.ac-reims.fr\/ec-launois\/-wp-\/wp-content\/uploads\/2026\/03\/IMG20260319160453.jpg 283w, https:\/\/sitetab3.ac-reims.fr\/ec-launois\/-wp-\/wp-content\/uploads\/2026\/03\/IMG20260319160453-225x300.jpg 225w\" sizes=\"(max-width: 283px) 100vw, 283px\" \/><figcaption class=\"wp-element-caption\">oplus_32<\/figcaption><\/figure><\/div>","protected":false},"excerpt":{"rendered":"<p>C&rsquo;\u00e9tait Lucie l&rsquo;\u00e9l\u00e8ve de service. Ce matin on a fait du sport. On a fait des parcours : on s&rsquo;entra\u00eene \u00e0 faire de la gymnastique. On a fait une roulade en arri\u00e8re et il fallait arriver sur ses pieds. On a appris \u00e0 voler : il fallait tourner en l&rsquo;air. Pour s&rsquo;entra\u00eener \u00e0 grimper, on [&hellip;]<\/p>\n","protected":false},"author":3,"featured_media":0,"comment_status":"open","ping_status":"open","sticky":false,"template":"","format":"standard","meta":{"ngg_post_thumbnail":0,"footnotes":""},"categories":[14],"tags":[],"_links":{"self":[{"href":"https:\/\/sitetab3.ac-reims.fr\/ec-launois\/-wp-\/wp-json\/wp\/v2\/posts\/6261"}],"collection":[{"href":"https:\/\/sitetab3.ac-reims.fr\/ec-launois\/-wp-\/wp-json\/wp\/v2\/posts"}],"about":[{"href":"https:\/\/sitetab3.ac-reims.fr\/ec-launois\/-wp-\/wp-json\/wp\/v2\/types\/post"}],"author":[{"embeddable":true,"href":"https:\/\/sitetab3.ac-reims.fr\/ec-launois\/-wp-\/wp-json\/wp\/v2\/users\/3"}],"replies":[{"embeddable":true,"href":"https:\/\/sitetab3.ac-reims.fr\/ec-launois\/-wp-\/wp-json\/wp\/v2\/comments?post=6261"}],"version-history":[{"count":1,"href":"https:\/\/sitetab3.ac-reims.fr\/ec-launois\/-wp-\/wp-json\/wp\/v2\/posts\/6261\/revisions"}],"predecessor-version":[{"id":6263,"href":"https:\/\/sitetab3.ac-reims.fr\/ec-launois\/-wp-\/wp-json\/wp\/v2\/posts\/6261\/revisions\/6263"}],"wp:attachment":[{"href":"https:\/\/sitetab3.ac-reims.fr\/ec-launois\/-wp-\/wp-json\/wp\/v2\/media?parent=6261"}],"wp:term":[{"taxonomy":"category","embeddable":true,"href":"https:\/\/sitetab3.ac-reims.fr\/ec-launois\/-wp-\/wp-json\/wp\/v2\/categories?post=6261"},{"taxonomy":"post_tag","embeddable":true,"href":"https:\/\/sitetab3.ac-reims.fr\/ec-launois\/-wp-\/wp-json\/wp\/v2\/tags?post=6261"}],"curies":[{"name":"wp","href":"https:\/\/api.w.org\/{rel}","templated":true}]}}