{"id":5803,"date":"2017-11-09T09:18:06","date_gmt":"2017-11-09T08:18:06","guid":{"rendered":"http:\/\/sitetab3.ac-reims.fr\/ec-lucquy\/-wp-\/?p=5803"},"modified":"2017-11-12T11:04:51","modified_gmt":"2017-11-12T10:04:51","slug":"conseil-decole","status":"publish","type":"post","link":"https:\/\/sitetab3.ac-reims.fr\/ec-lucquy\/-wp-\/conseil-decole\/","title":{"rendered":"Conseil d&rsquo;\u00e9cole"},"content":{"rendered":"<p><img loading=\"lazy\" decoding=\"async\" class=\"alignleft \" src=\"http:\/\/fcob.fr\/wp-content\/uploads\/2015\/02\/art-reunion.jpg\" width=\"114\" height=\"64\" \/>Voici le compte rendu des conseils des \u00e9coles de Coucy 1, Coucy 2 et Lucquy qui se sont tenus le 19 octobre 2017.<!--more--><\/p>\n<p style=\"text-align: center;\"><strong><u>Regroupement P\u00e9dagogique \u00a0Coucy-Lucquy<\/u><\/strong><\/p>\n<p style=\"text-align: center;\"><strong>*<\/strong><\/p>\n<p style=\"text-align: center;\"><strong><u>Conseils des \u00e9coles de Coucy 1, Coucy 2 et Lucquy <\/u><\/strong><\/p>\n<p style=\"text-align: center;\"><strong>*<\/strong><\/p>\n<p style=\"text-align: center;\"><strong>Date\u00a0: 19 octobre 2017<\/strong><\/p>\n<p><strong>\u00a0<\/strong><\/p>\n<p><em>Les Conseils des Ecoles sont ind\u00e9pendants et ne peuvent \u00eatre group\u00e9s en un seul avant le vote de chaque conseil d\u2019\u00e9cole en faveur de ce regroupement (et cela, sous r\u00e9serve de l\u2019accord du Directeur Acad\u00e9mique des Services de l\u2019Education Nationale \u00e9mis en Commission Administrative Paritaire D\u00e9partementale).<\/em><\/p>\n<p><em>\u00a0<\/em><\/p>\n<p><em>Ainsi, ce sont 3 conseils d\u2019\u00e9cole qui se tiennent en un m\u00eame lieu afin de faciliter la participation des \u00e9lus et le partage des informations communes \u00e0 toutes les \u00e9coles du RPD Coucy-Lucquy.<\/em><\/p>\n<p>&nbsp;<\/p>\n<p><strong><u>Pr\u00e9sents\u00a0:<\/u><\/strong><\/p>\n<p><u>Enseignantes<\/u>\u00a0:<\/p>\n<ul>\n<li>Mmes Barbieux, Morel , Bouillard, Schmit, Demay , Locardel.<\/li>\n<\/ul>\n<p><u>Elus, membres de droit<\/u>\u00a0:<\/p>\n<ul>\n<li>Pour la mairie de Lucquy\u00a0: M. Lamorlette (maire), M. Carbonneaux, adjoint<\/li>\n<li>Pour la Communaut\u00e9 de Communes du Pays reth\u00e9lois\u00a0: M. Maillard<\/li>\n<\/ul>\n<p><u>Elus, invit\u00e9s<\/u>\u00a0:<\/p>\n<ul>\n<li>Pour la mairie d\u2019Auboncourt-Vauzelles : M. Carier (maire)<\/li>\n<li>Pour la mairie de Coucy : M. Bonnevie<\/li>\n<\/ul>\n<p><u>Repr\u00e9sentants des Parents d\u2019\u00e9l\u00e8ves<\/u>\u00a0(titulaires et suppl\u00e9ants):<\/p>\n<ul>\n<li>Pour l\u2019\u00e9cole de Coucy 1\u00a0: Mme Wosnitza, M. Bonnevie, Mme Paubon, Mme Dethi\u00e8re<\/li>\n<li>Pour l\u2019\u00e9cole de Coucy 2\u00a0: Mme Faucon<\/li>\n<li>Pour l\u2019\u00e9cole de Lucquy\u00a0: Mme Bonnevie, Mme Macaret, M. Bertin, Mme Schneider, Mme Faucheux<\/li>\n<\/ul>\n<p><u>DDEN<\/u>\u00a0:<\/p>\n<ul>\n<li>Pour l\u2019\u00e9cole de Lucquy\u00a0:\u00a0aucun DDEN nomm\u00e9 \u00e0 ce jour<\/li>\n<li>Pour les \u00e9coles de Coucy\u00a0: Gilbert Richard<\/li>\n<\/ul>\n<p><u>Absents excus\u00e9s\u00a0: <\/u><\/p>\n<ul>\n<li>Mme Pierrot, Inspectrice de l\u2019Education Nationale de la Circonscription de Rethel<\/li>\n<li>Mme Locatelli, psychologue scolaire du RASED de Juniville<\/li>\n<li>Pour la mairie de Faux : M. Monceau<\/li>\n<\/ul>\n<p><u>Autres invit\u00e9s<\/u>\u00a0:<\/p>\n<ul>\n<li>Fromentin (pr\u00e9sident de l\u2019association Familles Rurales en charge du service p\u00e9riscolaire)<\/li>\n<\/ul>\n<p>&nbsp;<\/p>\n<p><strong>\u00a0<\/strong><\/p>\n<p><strong><u>A l\u2019ordre du jour\u00a0:<\/u><\/strong><\/p>\n<p><strong>\u00a0<\/strong><\/p>\n<p><strong>Les r\u00e9sultats des \u00e9lections des Repr\u00e9sentants des Parents d\u2019El\u00e8ves. Vote\/r\u00e9unification des conseils d\u2019\u00e9coles.<\/strong><\/p>\n<p><strong>Les effectifs et les r\u00e9partitions des \u00e9l\u00e8ves au sein du Regroupement.<\/strong><\/p>\n<p><strong>Le vote du r\u00e8glement int\u00e9rieur des \u00e9coles du regroupement.<\/strong><\/p>\n<p><strong>Le Plan Particulier de Mise en S\u00fbret\u00e9 (PPMS).<\/strong><\/p>\n<p><strong>Les activit\u00e9s du Regroupement.<\/strong><\/p>\n<p><strong>Des questions diverses.<\/strong><\/p>\n<p><strong>\u00a0<\/strong><\/p>\n<ul>\n<li><strong><u>Rappel de la composition d\u2019un conseil d\u2019\u00e9cole<\/u><\/strong><\/li>\n<\/ul>\n<p>1\u00b0 Le directeur de l&rsquo;\u00e9cole, pr\u00e9sident ;<br \/>\n2\u00b0 Le maire ou son repr\u00e9sentant et un conseiller municipal d\u00e9sign\u00e9 par le conseil municipal ;<br \/>\n3\u00b0 Les ma\u00eetres de l&rsquo;\u00e9cole et les ma\u00eetres rempla\u00e7ants exer\u00e7ant dans l&rsquo;\u00e9cole au moment des r\u00e9unions du conseil ;<br \/>\n4\u00b0 Un des ma\u00eetres du r\u00e9seau d&rsquo;aides sp\u00e9cialis\u00e9es intervenant dans l&rsquo;\u00e9cole choisi par le conseil des ma\u00eetres de l&rsquo;\u00e9cole ;<br \/>\n5\u00b0 Les repr\u00e9sentants des parents d&rsquo;\u00e9l\u00e8ves en nombre \u00e9gal \u00e0 celui des classes de l&rsquo;\u00e9cole, \u00e9lus selon les modalit\u00e9s fix\u00e9es par arr\u00eat\u00e9 du ministre charg\u00e9 de l&rsquo;\u00e9ducation. Ces repr\u00e9sentants constituent au sein du conseil d&rsquo;\u00e9cole le comit\u00e9 des parents pr\u00e9vu par <a href=\"http:\/\/www.legifrance.gouv.fr\/affichCodeArticle.do?cidTexte=LEGITEXT000006071191&amp;idArticle=LEGIARTI000006524916&amp;dateTexte=&amp;categorieLien=cid\">l&rsquo;article L. 411-1 <\/a>;<br \/>\n6\u00b0 Le d\u00e9l\u00e9gu\u00e9 d\u00e9partemental de l&rsquo;\u00e9ducation nationale charg\u00e9 de visiter l&rsquo;\u00e9cole.<\/p>\n<p>&nbsp;<\/p>\n<p><strong><u>2-R\u00e9sultats des \u00e9lections des Repr\u00e9sentants des Parents d\u2019El\u00e8ves<\/u><\/strong>\u00a0: (voir noms des \u00e9lus cit\u00e9s pr\u00e9c\u00e9demment)<\/p>\n<p>Taux de participation\u00a0:<\/p>\n<p>Lucquy\u00a0:\u00a0 \u00a089.92 %\u00a0\u00a0\u00a0\u00a0\u00a0 Coucy 1\u00a0:\u00a0\u00a0 85.36 %\u00a0 \u00a0\u00a0\u00a0 Coucy 2\u00a0: 74.47 %<\/p>\n<p><strong>\u00a0\u00a0\u00a0\u00a0\u00a0\u00a0 <u>3- Vote concernant le regroupement des 3 conseils d\u2019\u00e9cole en un seul.<\/u><\/strong><\/p>\n<p><em>Pour l&rsquo;application des articles <\/em><a href=\"http:\/\/www.legifrance.gouv.fr\/affichCodeArticle.do?cidTexte=LEGITEXT000006071191&amp;idArticle=LEGIARTI000018377380&amp;dateTexte=&amp;categorieLien=cid\"><em>D. 411-1<\/em><\/a><em> et D. 411-2, des conseils d&rsquo;\u00e9cole peuvent d\u00e9cider de se regrouper en un seul conseil pour la dur\u00e9e de l&rsquo;ann\u00e9e scolaire apr\u00e8s d\u00e9lib\u00e9ration prise \u00e0 la majorit\u00e9 des membres de chaque conseil, sauf opposition motiv\u00e9e du directeur acad\u00e9mique des services de l&rsquo;\u00e9ducation nationale agissant sur d\u00e9l\u00e9gation du recteur d&rsquo;acad\u00e9mie. <\/em><\/p>\n<p><em>Tous les membres des conseils des \u00e9coles d&rsquo;origine sont membres du conseil ainsi constitu\u00e9, qui est pr\u00e9sid\u00e9 par l&rsquo;un des directeurs d&rsquo;\u00e9cole d\u00e9sign\u00e9 par le directeur acad\u00e9mique des services de l&rsquo;\u00e9ducation nationale agissant sur d\u00e9l\u00e9gation du recteur d&rsquo;acad\u00e9mie, apr\u00e8s avis de la commission administrative paritaire d\u00e9partementale unique des instituteurs et professeurs des \u00e9coles.<\/em><\/p>\n<p><u>Vote des Conseils d\u2019Ecole de Lucquy, de Coucy 1, de Coucy 2 concernant le regroupement des 3 conseils d\u2019\u00e9cole\u00a0: <\/u><\/p>\n<p>Chaque Conseil d\u2019Ecole vote \u00e0 l\u2019unanimit\u00e9 le regroupement des conseils.<\/p>\n<p><strong>4-<u> Effectifs et r\u00e9partition des \u00e9l\u00e8ves pour l\u2019ann\u00e9e scolaire 2017-2018:<\/u><\/strong><\/p>\n<table width=\"685\">\n<tbody>\n<tr>\n<td width=\"76\">&nbsp;<\/p>\n<p>TPS<\/td>\n<td width=\"76\">&nbsp;<\/p>\n<p>PS<\/td>\n<td width=\"76\">&nbsp;<\/p>\n<p>MS<\/td>\n<td width=\"76\">&nbsp;<\/p>\n<p>GS<\/td>\n<td width=\"76\">&nbsp;<\/p>\n<p>CP<\/td>\n<td width=\"76\">&nbsp;<\/p>\n<p>CE1<\/td>\n<td width=\"76\">&nbsp;<\/p>\n<p>CE2<\/td>\n<td width=\"76\">&nbsp;<\/p>\n<p>CM1<\/td>\n<td width=\"76\">&nbsp;<\/p>\n<p>CM2<\/td>\n<\/tr>\n<tr>\n<td width=\"76\">0<\/td>\n<td width=\"76\">15<\/td>\n<td width=\"76\">9<\/td>\n<td width=\"76\">23<\/td>\n<td width=\"76\">14<\/td>\n<td width=\"76\">17<\/td>\n<td width=\"76\">21<\/td>\n<td width=\"76\">24<\/td>\n<td width=\"76\">13<\/td>\n<\/tr>\n<\/tbody>\n<\/table>\n<p>Soit un total de <u>136 <\/u>\u00e9l\u00e8ves pour 6 classes.<\/p>\n<p>&nbsp;<\/p>\n<p>Comme les ann\u00e9es pr\u00e9c\u00e9dentes, on applique les crit\u00e8res de r\u00e9partition suivants (toujours dans l\u2019int\u00e9r\u00eat de l\u2019enfant) :<\/p>\n<p>&#8211; \u00e9viter le bus si possible (transport payant)<\/p>\n<p>&#8211; s\u2019adapter aux comp\u00e9tences transversales des \u00e9l\u00e8ves (rythme de travail, expression orale\u2026)<\/p>\n<p>&#8211; assurer un \u00e9quilibre des classes.<\/p>\n<table width=\"713\">\n<tbody>\n<tr>\n<td colspan=\"3\" width=\"161\">Ecole de Coucy 2<\/td>\n<td colspan=\"3\" width=\"219\">Ecole de Coucy 1<\/td>\n<td colspan=\"6\" width=\"333\">Ecole de Lucquy<\/td>\n<td width=\"1\"><\/td>\n<\/tr>\n<tr>\n<td colspan=\"3\" width=\"161\">\n<p style=\"text-align: center;\">\u00a0<u>Classe de\u00a0Mme<\/u><\/p>\n<p style=\"text-align: center;\">Floriane<\/p>\n<p style=\"text-align: center;\">Barbieux<\/p>\n<\/td>\n<td width=\"110\">\n<p style=\"text-align: center;\"><u>Classe de\u00a0Mme<\/u><\/p>\n<p style=\"text-align: center;\">Aur\u00e9lie<\/p>\n<p style=\"text-align: center;\">Morel<\/p>\n<\/td>\n<td style=\"text-align: center;\" colspan=\"2\" width=\"110\"><u>Classe de\u00a0Mme<\/u><\/p>\n<p>Muriel<\/p>\n<p>Bouillard<\/td>\n<td style=\"text-align: center;\" colspan=\"2\" width=\"110\"><u>Classe de\u00a0Mme<\/u><\/p>\n<p>Muriel<\/p>\n<p>Schmit<\/td>\n<td style=\"text-align: center;\" colspan=\"2\" width=\"110\"><u>Classe de\u00a0Mme<\/u><\/p>\n<p>Laurence<\/p>\n<p>Demay<\/td>\n<td colspan=\"2\" width=\"113\">\n<p style=\"text-align: center;\"><u>Classe de\u00a0Mme<\/u><\/p>\n<p style=\"text-align: center;\">Elisabeth<\/p>\n<p style=\"text-align: center;\">Locardel<\/p>\n<\/td>\n<td width=\"1\"><\/td>\n<\/tr>\n<tr>\n<td width=\"51\">\n<p style=\"text-align: center;\"><u>TPS<\/u><\/p>\n<\/td>\n<td style=\"text-align: center;\" width=\"55\"><u>\u00a0PS<\/u><\/td>\n<td style=\"text-align: center;\" width=\"55\"><u>MS\u00a0<\/u><\/td>\n<td style=\"text-align: center;\" width=\"110\"><u>GS<\/u><\/td>\n<td style=\"text-align: center;\" width=\"55\"><u>CP<\/u><\/td>\n<td style=\"text-align: center;\" width=\"55\"><u>CE1<\/u><\/td>\n<td style=\"text-align: center;\" width=\"55\"><u>CE1<\/u><\/td>\n<td style=\"text-align: center;\" width=\"55\"><u>CE2<\/u><\/td>\n<td style=\"text-align: center;\" width=\"55\"><u>CE2<\/u><\/td>\n<td style=\"text-align: center;\" width=\"55\"><u>CM1<\/u><\/td>\n<td style=\"text-align: center;\" width=\"58\"><u>CM1<\/u><\/td>\n<td colspan=\"2\" width=\"56\">\n<p style=\"text-align: center;\"><u>CM2<\/u><\/p>\n<\/td>\n<\/tr>\n<tr>\n<td width=\"51\"><\/td>\n<td style=\"text-align: center;\" width=\"55\">15<\/td>\n<td style=\"text-align: center;\" width=\"55\">9<\/td>\n<td style=\"text-align: center;\" width=\"110\">23<\/td>\n<td style=\"text-align: center;\" width=\"55\">14<\/td>\n<td style=\"text-align: center;\" width=\"55\">6<\/td>\n<td style=\"text-align: center;\" width=\"55\">11<\/td>\n<td style=\"text-align: center;\" width=\"55\">11<\/td>\n<td style=\"text-align: center;\" width=\"55\">10<\/td>\n<td style=\"text-align: center;\" width=\"55\">15<\/td>\n<td style=\"text-align: center;\" width=\"58\">9<\/td>\n<td style=\"text-align: center;\" colspan=\"2\" width=\"56\">13<\/td>\n<\/tr>\n<tr>\n<td style=\"text-align: center;\" colspan=\"3\" width=\"161\">24<\/td>\n<td style=\"text-align: center;\" width=\"110\">23<\/td>\n<td style=\"text-align: center;\" colspan=\"2\" width=\"110\">20<\/td>\n<td style=\"text-align: center;\" colspan=\"2\" width=\"110\">22<\/td>\n<td style=\"text-align: center;\" colspan=\"2\" width=\"110\">25<\/td>\n<td colspan=\"3\" width=\"113\">\n<p style=\"text-align: center;\">22<\/p>\n<\/td>\n<\/tr>\n<\/tbody>\n<\/table>\n<p><strong><u>5-Le r\u00e8glement int\u00e9rieur des \u00e9coles<\/u><\/strong><strong>\u00a0\u00a0\u00a0\u00a0\u00a0\u00a0\u00a0\u00a0\u00a0\u00a0\u00a0\u00a0\u00a0\u00a0\u00a0\u00a0\u00a0\u00a0\u00a0\u00a0\u00a0\u00a0\u00a0\u00a0\u00a0\u00a0\u00a0 <\/strong><\/p>\n<p>Le r\u00e8glement appliqu\u00e9\u00a0 dans les \u00e9coles est celui diffus\u00e9 au niveau d\u00e9partemental, il n\u2019est pas modifi\u00e9 par rapport \u00e0 celui de l\u2019an dernier.<\/p>\n<p>Toutefois, les enseignantes soumettent au vote des Conseils une annexe au chapitre \u00ab\u00a0vie scolaire\u00a0\u00bb (voir en annexe).<\/p>\n<p>Le r\u00e8glement d\u00e9partemental et son annexe sont approuv\u00e9s \u00e0 l\u2019unanimit\u00e9 des membres pr\u00e9sents.<\/p>\n<p><strong><u>6-Les Plans Particuliers de Mise en S\u00fbret\u00e9 (PPMS) des \u00e9coles\u00a0: <\/u><\/strong><\/p>\n<p>L\u2019objectif des PPMS\u00a0: \u00eatre pr\u00eat pour pouvoir faire face \u00e0 une situation de crise li\u00e9e \u00e0 la survenue d&rsquo;un accident majeur :<\/p>\n<p>\u00ae\u00a0 assurer la s\u00e9curit\u00e9 des \u00e9l\u00e8ves et des personnels, en attendant l&rsquo;arriv\u00e9e des secours ext\u00e9rieurs.<\/p>\n<p>\u00ae appliquer les directives des autorit\u00e9s.<\/p>\n<p>Rappel\u00a0: les PPMS devront inclure 3 exercices par an (dont un avant les vacances d\u2019octobre sur le th\u00e8me \u00ab\u00a0alerte-intrusion\u00a0\u00bb)\u00a0; le r\u00e9f\u00e9rent Gendarmerie est confirm\u00e9 aupr\u00e8s de chaque \u00e9cole.<\/p>\n<p>Chaque \u00e9cole fait le bilan du premier exercice r\u00e9alis\u00e9. Le sc\u00e9nario impos\u00e9 par les services acad\u00e9miques \u00e9tait celui d\u2019une intrusion par individu arm\u00e9 d\u2019un couteau. Chaque \u00e9cole souligne la difficult\u00e9 \u00e0 visualiser l\u2019intrusion d\u00e9crite en situation \u00ab\u00a0r\u00e9elle\u00a0\u00bb.<\/p>\n<p><u>Lucquy<\/u>\u00a0: Il a \u00e9t\u00e9 n\u00e9cessaire de recourir \u00e0 l\u2019appui du personnel p\u00e9riscolaire (qui est ici remerci\u00e9 pour sa participation b\u00e9n\u00e9vole \u00e0 l\u2019action) puisqu\u2019il fallait que l\u2019intrus soit personnifi\u00e9 (signal\u00e9 par une chasuble fluo et des coups de sifflet r\u00e9guliers pour indiquer ses d\u00e9placements dans les locaux) et que des observateurs puissent assurer un compte rendu.<\/p>\n<p>La r\u00e9action des \u00e9l\u00e8ves fut conforme aux directives donn\u00e9es (fermeture des portes \u00e0 cl\u00e9, barricades devant les portes, enfants cach\u00e9s et silencieux), avec toutefois quelques r\u00e9actions inappropri\u00e9es (rires, agitation) de la part des plus jeunes \u00e9l\u00e8ves de CE1.<\/p>\n<p>Il est remarqu\u00e9 qu\u2019en situation r\u00e9elle, l\u2019intrus ne serait pas forc\u00e9ment rep\u00e9r\u00e9 d\u00e8s son entr\u00e9e.<\/p>\n<p><u>Coucy 1<\/u>\u00a0: Le signal d\u2019alerte reste probl\u00e9matique (SMS envoy\u00e9 d\u2019une classe \u00e0 l\u2019autre)\u00a0; le manque de visibilit\u00e9 d\u2019une \u00e9ventuelle intrusion est \u00e0 noter, l\u2019impossibilit\u00e9 de visualiser la personne qui frappe \u00e0 la porte est \u00e9galement un probl\u00e8me (un visiophone pourrait y rem\u00e9dier).<\/p>\n<p>Une classe s\u2019est mise \u00e0 l\u2019abri par confinement, une autre par \u00e9loignement. Aucun incident particulier n\u2019est \u00e0 noter.<\/p>\n<p>&nbsp;<\/p>\n<p><u>Coucy 2<\/u>\u00a0: En raison du contexte (une seule classe), le signal d\u2019alerte se fait par la voix de l\u2019enseignante. On note que quelques enfants ont eu peur au point d\u2019\u00eatre en larmes\u00a0; de plus, occulter les nombreuses fen\u00eatres a n\u00e9cessit\u00e9 beaucoup de temps. Un\u00a0 filtre opacifiant en bas de la fen\u00eatre permettrait de rem\u00e9dier facilement \u00e0 ce probl\u00e8me.<\/p>\n<p><strong>\u00a0<\/strong><\/p>\n<p><strong><u>7-Activit\u00e9s du RPD<\/u><\/strong><strong>\u00a0: <\/strong><\/p>\n<p><strong><u>En commun\u00a0aux 3 \u00e9coles : <\/u><\/strong><\/p>\n<ul>\n<li>Est pr\u00e9vu un spectacle de No\u00ebl le 18 d\u00e9cembre ; la subvention propos\u00e9e par la Commune de Coucy est sollicit\u00e9e (communication du devis \u00e0 M. Bonnevie).<\/li>\n<li>Les photos de classe auront lieu le 7 novembre (avec la reconduction de la formule comprenant des portraits individuels).<\/li>\n<li>Le Rallye des Enigmes, activit\u00e9 pr\u00e9vue au Projet d\u2019Ecole est reconduit pour le 1<sup>er<\/sup> juin 2018.<\/li>\n<\/ul>\n<p><strong><u>Activit\u00e9s pr\u00e9vues ou effectu\u00e9es \u00e0 l\u2019\u00e9cole de LUCQUY\u00a0:<\/u><\/strong><\/p>\n<ul>\n<li>Activit\u00e9s coop\u00e9ratives\u00a0: on note le refus de 7 familles de participer aux ventes et actions organis\u00e9es par l\u2019association scolaire. Les enseignantes rappellent leur souci d\u2019instaurer des activit\u00e9s et visites p\u00e9dagogiques enti\u00e8rement gratuites pour les familles\u00a0; en cas de diminution des cr\u00e9dits de l\u2019association scolaire, le nombre d\u2019actions sera tout simplement revu \u00e0 la baisse.<\/li>\n<li>Sont pr\u00e9vues\u00a0: Une vente par catalogue \u00ab\u00a0Initiatives Fleurs et Nature\u00a0\u00bb, une vente de jacinthes fleuries, la mise en place de la tombola \u00ab\u00a0de mardi gras\u00a0\u00bb.<\/li>\n<\/ul>\n<p><strong><u>Activit\u00e9s pr\u00e9vues ou effectu\u00e9es \u00e0 l\u2019\u00e9cole de Coucy 1:<\/u><\/strong><\/p>\n<ul>\n<li>Le 27 septembre, dans le cadre de la journ\u00e9e national du sport, une initiation au rugby a \u00e9t\u00e9 faite.<\/li>\n<li>Le 12 octobre, en sensibilisation au handicap, une animation \u00ab\u00a0handisport\u00a0\u00bb s\u2019est tenue.<\/li>\n<\/ul>\n<p>Les enseignantes, qui avaient demand\u00e9 \u00e0 la Mairie l\u2019autorisation d\u2019utiliser la Salle des F\u00eates par courriel, le 26 septembre, tiennent \u00e0 d\u00e9plorer de n\u2019avoir \u00e9t\u00e9 pr\u00e9venues que 2 jours avant l\u2019activit\u00e9, du fait qu\u2019il fallait \u00a0reporter l\u2019activit\u00e9 pr\u00e9vue initialement le 5 octobre au 12 octobre suivant !<\/p>\n<p>Les enseignantes d\u00e9plorent \u00e9galement que l\u2019employ\u00e9 municipal, au jour de l\u2019activit\u00e9, ait \u00e9t\u00e9 en train d\u2019effectuer un d\u00e9broussaillage (tr\u00e8s bruyant donc) pr\u00e8s des groupes d\u2019enfants, alors m\u00eame que le but de l\u2019atelier \u00e9tait de savoir utiliser tous ses sens, dont l\u2019ou\u00efe, pour prendre des rep\u00e8res autour de soi\u00a0! L\u2019employ\u00e9 a m\u00eame refus\u00e9 d\u2019acc\u00e9der \u00e0 la demande de l\u2019enseignante de stopper momentan\u00e9ment son activit\u00e9\u00a0!<\/p>\n<p>Il est rappel\u00e9 que les \u00e9coles de Coucy ont longtemps \u00e9t\u00e9 sujettes \u00e0 des changements de personnel enseignant en raison d\u2019un contexte peu favorable aux \u00e9coles, au mat\u00e9riel, aux locaux\u00a0; la stabilit\u00e9 actuelle pourrait \u00eatre remise en cause \u00e0 nouveau.<\/p>\n<p>Les enseignantes notent aussi que 3 enfants se sont montr\u00e9s particuli\u00e8rement d\u00e9sagr\u00e9ables au cours de l\u2019activit\u00e9\u00a0: impolitesse, comportement perturbateur et m\u00eame mise en danger des autres ont \u00e9t\u00e9 \u00e0 regretter\u00a0!<\/p>\n<p>&nbsp;<\/p>\n<p><strong><u>Activit\u00e9s pr\u00e9vues ou effectu\u00e9es \u00e0 l\u2019\u00e9cole de Coucy 1 et 2\u00a0:<\/u><\/strong><\/p>\n<ul>\n<li>Un spectacle de marionnettes a \u00e9t\u00e9 offert aux enfants en septembre (troupe \u00abMariska\u00a0\u00bb) et a \u00e9t\u00e9 tr\u00e8s appr\u00e9ci\u00e9.<\/li>\n<li>L\u2019animation \u00ab\u00a0handisport\u00a0\u00bb du 5 octobre a \u00e9t\u00e9 tr\u00e8s appr\u00e9ci\u00e9e \u00e9galement \u00e0 l\u2019\u00e9cole\u00a0 de Coucy 2.<\/li>\n<li>Le 19 d\u00e9cembre, un march\u00e9 de No\u00ebl sera organis\u00e9.<\/li>\n<li>La kermesse des \u00e9coles aura lieu en fin juin (la date sera fix\u00e9e en fonction des disponibilit\u00e9s de la Salle des f\u00eates).<\/li>\n<\/ul>\n<p><strong><u>\u00a0<\/u><\/strong><\/p>\n<p><strong><u>8-Questions diverses\u00a0: <\/u><\/strong><\/p>\n<ul>\n<li>Pour faciliter les transmissions des invitations aux conseils, celles-ci sont d\u00e9sormais faites \u00e0 l\u2019adresse \u00e9lectronique des membres des Conseils d\u2019Ecole.<\/li>\n<li>Une intervention d\u2019un \u00ab\u00a0ma\u00eetre aide et soutien\u00a0\u00bb du RASED de Juniville est mise en place (bilans aupr\u00e8s des \u00e9l\u00e8ves signal\u00e9s fragiles par les enseignantes, mise en place d\u2019un suivi tous les lundis et vendredis matins sur l\u2019\u00e9cole de Lucquy dans la classe de Mme Schmit) tandis que le ma\u00eetre \u00ab\u00a0G\u00a0\u00bb intervient le mercredi matin aupr\u00e8s des \u00e9l\u00e8ves de Coucy 1 et 2 pr\u00e9sentant des difficult\u00e9s.<\/li>\n<\/ul>\n<p>&nbsp;<\/p>\n<ul>\n<li><strong><u>Lucquy<em>: <\/em><\/u><\/strong><\/li>\n<li>Les enseignantes remercient l\u2019Association Familles Rurales (AFR) pour leur don de 150 \u20ac \u00e0 l\u2019occasion de leur participation aux chants et danses des enfants \u00e0 la kermesse des \u00e9coles de Coucy. Les enseignantes envisagent \u00e0 nouveau la participation de leurs \u00e9l\u00e8ves \u00e0 cet \u00e9v\u00e9nement.<\/li>\n<\/ul>\n<p>&#8211; Quelques travaux ou d\u00e9penses sont \u00e0 envisager :<\/p>\n<p>&#8211; la consolidation des prises \u00e9lectriques dans la classe de Mme Locardel<\/p>\n<p>&#8211; le nettoyage du pr\u00e9au (fientes d\u2019oiseaux)<\/p>\n<p>&#8211; la pose de stores dans la classe de Mme Demay, dans la salle polyvalente<\/p>\n<p>&#8211; l\u2019achat de deux paillassons (l\u2019un en remplacement de celui us\u00e9 devant la classe de Mme Schmit dans son vestiaire, et l\u2019autre \u00e0 la porte en fond de classe chez Mme Locardel pour l\u2019entr\u00e9e en classe par le pr\u00e9au en\u00a0 cas de fortes pluies).<\/p>\n<p>&#8211; la r\u00e9solution du probl\u00e8me de nouvelles fissures apparues au sol du rez-de-chauss\u00e9e dans la cage d\u2019escalier, dans la classe de Mme Schmit\u00a0(M. Lamorlette s\u2019est saisi du probl\u00e8me et \u00e9tudie la situation).<\/p>\n<p>&#8211; la r\u00e9alisation d\u2019un diagnostic concernant la qualit\u00e9 de l\u2019air (obligatoire \u00e0 partir de janvier 2018).<\/p>\n<ul style=\"list-style-type: disc;\">\n<li>M. Lamorlette pr\u00e9cise que l\u2019association des Cr\u00eates Pr\u00e9-ardennaises est saisie du probl\u00e8me et y rem\u00e9dier.<\/li>\n<\/ul>\n<p>&nbsp;<\/p>\n<ul style=\"list-style-type: disc;\">\n<li>Il est demand\u00e9 \u00e0 l\u2019AFR de fournir rapidement les listes d\u2019enfants inscrits aux TAP d\u00e8s le d\u00e9but de chaque p\u00e9riode, le d\u00e9but d\u2019ann\u00e9e ayant \u00e9t\u00e9 particuli\u00e8rement perturb\u00e9.<\/li>\n<li>Les listes de cantine sont maintenant fournies r\u00e9guli\u00e8rement (il faudra veiller \u00e0 ne pas oublier celle du mercredi).<\/li>\n<li>La Convention d\u2019utilisation des locaux scolaires en dehors du temps scolaire n\u2019a toujours pas \u00e9t\u00e9 soumise \u00e0 la signature de la Directrice.<\/li>\n<\/ul>\n<p>Mme Locardel demande notamment qu\u2019en cas d\u2019utilisation de sa classe, y compris en semaine, lors des p\u00e9riodes scolaires, son mat\u00e9riel, sa disposition soient bien respect\u00e9s (cl\u00e9, rideaux\u2026).<\/p>\n<p>&nbsp;<\/p>\n<p>&#8211;\u00a0<strong><u> Coucy 1\u00a0:<\/u><\/strong><\/p>\n<p>&#8211; Il est rappel\u00e9 que toute absence doit \u00eatre justifi\u00e9e par un \u00e9crit\u00a0; il est toutefois not\u00e9 que le certificat m\u00e9dical, en application des textes en vigueur, n\u2019est nullement exig\u00e9 par les enseignantes (sauf en cas de dispense de sport).<\/p>\n<p>&#8211; Les enseignantes remarquent que le planning d\u2019attribution de la Salle des F\u00eates (qui fait office de Salle de sport pour les \u00e9coles) est peu respect\u00e9 par la Commune.<\/p>\n<p>Les locations aupr\u00e8s des particuliers posent notamment probl\u00e8me du fait que la Mairie met \u00e0 leur disposition la salle d\u00e8s le jeudi soir (donc avec impossibilit\u00e9 pour les \u00e9coles d\u2019en disposer le vendredi) et n\u2019en effectue le nettoyage qu\u2019au cours du mardi\u00a0! Les enfants, le lundi, se retrouvent donc dans une salle non nettoy\u00e9e, d\u00e9plorant des salet\u00e9s sur le sol, des odeurs d\u00e9sagr\u00e9ables\u2026<\/p>\n<p>&#8211; Les travaux, en mairie (attenante \u00e0 la classe des maternelles), effectu\u00e9s durant le temps scolaire, sont particuli\u00e8rement bruyants et sources de perturbation pour les \u00e9l\u00e8ves.<\/p>\n<p>De plus, des personnes interviennent dans l\u2019\u00e9cole sans que les enseignantes en soient averties au pr\u00e9alable.<\/p>\n<p>La porte des sanitaires communiquant avec la partie \u00ab\u00a0Mairie\u00a0\u00bb est laiss\u00e9e ouverte (afin que le mat\u00e9riel \u00e9lectrique des ouvriers puisse \u00eatre branch\u00e9) et pose donc un probl\u00e8me de s\u00e9curit\u00e9 \u00e9vident. La simple pose d\u2019une prise du c\u00f4t\u00e9 Mairie apporterait ici une solution.<\/p>\n<ul>\n<li>Mme Bouillard remercie la Communaut\u00e9 de Communes pour son investissement dans la pose d\u2019une barri\u00e8re concernant l\u2019acc\u00e8s \u00ab\u00a0handicap\u00e9\u00a0\u00bb de sa classe, la r\u00e9fection de la classe, la mise en place de nouveaux rideaux.<\/li>\n<li>L\u2019AFR est remerci\u00e9e pour son don \u00e0 l\u2019occasion de la tenue de la kermesse.<\/li>\n<\/ul>\n<p>&nbsp;<\/p>\n<ul>\n<li><strong><u>Coucy 2\u00a0:<\/u><\/strong><\/li>\n<li>L\u2019AFR est, ici aussi, remerci\u00e9e pour son don \u00e0 l\u2019occasion de la tenue de la kermesse.<\/li>\n<li>Le nettoyage de la cour est programm\u00e9 pour les vacances d\u2019automne ainsi que sa mise en s\u00fbret\u00e9\u00a0: rebouchage des trous, suppression de la mousse qui rend le sol glissant, \u00e9limination des feuilles d\u2019arbres (sans se contenter de les repousser dans l\u2019herbe car le moindre souffle d\u2019air les replace dans la cour).<\/li>\n<li>Des travaux de plomberie seront \u00e9galement faits.<\/li>\n<li>Mme Barbieux souligne les probl\u00e8mes de chauffage r\u00e9currents du fait de l\u2019impossibilit\u00e9 d\u2019en r\u00e9gler les thermostats (chaleur \u00e9touffante sans moyen d\u2019y rem\u00e9dier).<\/li>\n<li>Il est demand\u00e9 qu\u2019un grand tableau d\u2019affichage \u00e0 l\u2019usage des parents soit install\u00e9 \u00e0 l\u2019ext\u00e9rieur de l\u2019\u00e9cole (notamment pour la mise en place des dispositions r\u00e9glementaires concernant les consignes Vigipirate par exemple).<\/li>\n<\/ul>\n<p>&#8211;<strong><u>Autre\u00a0:<\/u><\/strong><\/p>\n<p>&#8211; La Commune de Lucquy a organis\u00e9 une enqu\u00eate aupr\u00e8s des familles pour recueillir les avis des familles relatifs \u00e0 l\u2019organisation de la semaine scolaire pour l\u2019ann\u00e9e 2018-2019. Sur 71 r\u00e9ponses, 60 sont en faveur d\u2019un retour \u00e0 la semaine de 4 jours et 11 au maintien de la semaine \u00e0 4 jours et demi.<\/p>\n<p>La Communaut\u00e9 de Communes du Pays Reth\u00e9lois (CCPR) n\u2019a pas encore fait part des r\u00e9sultats obtenus par une enqu\u00eate similaire sur son territoire.<\/p>\n<p>L\u2019organisation scolaire pour l\u2019ann\u00e9e prochaine sera donc \u00e0 \u00e9tudier au cours des prochains mois.<\/p>\n<ul>\n<li>M. Lamorlette demande aux enseignantes si un projet sera mis en place concernant le Centenaire de la 1<sup>\u00e8re<\/sup> guerre mondiale. Les enseignantes de l\u2019\u00e9cole de Lucquy, confirment que des actions seront mises en place, comportant peut-\u00eatre, pour les cycles 3, un voyage sur les sites historiques de Verdun. M. Lamorlette \u00e9voque la possibilit\u00e9 d\u2019y adjoindre l\u2019Association des Anciens Combattants\u00a0; les enseignantes y sont favorables dans le principe mais soulignent les difficult\u00e9s financi\u00e8res qui y seraient li\u00e9es.<\/li>\n<\/ul>\n<p>&nbsp;<\/p>\n<ul>\n<li>M. Lamorlette a tenu \u00e0 intervenir aupr\u00e8s des \u00e9coliers concernant l\u2019utilisation de la Salle des F\u00eates <strong>hors temps scolaire<\/strong> et le respect du mat\u00e9riel communal (quelques d\u00e9gradations dans le nouveau rev\u00eatement mural avaient \u00e9t\u00e9 constat\u00e9es). Il est remarqu\u00e9 que cela ne concerne pas directement les \u00e9coliers, sur leur temps scolaire.<\/li>\n<\/ul>\n<p>&nbsp;<\/p>\n<ul>\n<li>Les parents d\u2019\u00e9l\u00e8ves font remarquer le d\u00e9faut de s\u00e9curit\u00e9 d\u00fb au manque de civisme des usagers de la route pr\u00e8s de l\u2019\u00e9cole de Coucy 2\u00a0: la circulation, rue du G\u00e9n\u00e9ral Leclerc, y est souvent trop rapide, et le stationnement dans la rue de l\u2019\u00e9cole est source de g\u00eane (une p\u00e9tition a circul\u00e9 et a recueilli 70 signatures pour demander que des actions soient men\u00e9es afin de garantir une meilleure s\u00e9curit\u00e9). La pose de barri\u00e8res sur le trottoir, jusqu\u2019\u00e0 l\u2019arr\u00eat de bus, pourraient peut-\u00eatre apporter une solution.<\/li>\n<\/ul>\n<p>&nbsp;<\/p>\n<p>Les membres du Conseil d\u2019\u00e9cole d\u00e9cident l\u2019envoi d\u2019un courrier \u00e0 la Mairie de Coucy signalant ce probl\u00e8me.<\/p>\n<p>&nbsp;<\/p>\n<ul>\n<li>On souligne la difficult\u00e9 \u00e0 joindre les services p\u00e9riscolaires lorsque les enfants se trouvent \u00e0 la cantine (les portables ne sont pas joignables)\u00a0: M. Fromentin a \u00e9voqu\u00e9 le probl\u00e8me avec la directrice de la Maison Familiale, Mme Parmentelot\u00a0; des solutions sont \u00e0 l\u2019\u00e9tude (mise \u00e0 disposition du t\u00e9l\u00e9phone sans fil de la MFR).<\/li>\n<\/ul>\n<p>&nbsp;<\/p>\n<ul>\n<li>L\u2019incident concernant des enfants d\u00e9pos\u00e9s par erreur \u00e0 l\u2019arr\u00eat de bus de Lucquy est \u00e9voqu\u00e9 (un enfant avait \u00e9t\u00e9 d\u00e9pos\u00e9 au p\u00e9riscolaire et un autre, laiss\u00e9 seul sur le trottoir, avait \u00e9t\u00e9 pris en charge par les enseignantes de Lucquy). Il est remarqu\u00e9 que l\u2019incident a eu lieu \u00e0 l\u2019occasion du remplacement du personnel habituel et qu\u2019\u00e0 ce titre, est sans doute isol\u00e9 et ne remet pas en cause le syst\u00e8me dans son ensemble.<\/li>\n<\/ul>\n<p>&nbsp;<\/p>\n<ul>\n<li>Toujours dans le bus, un contr\u00f4le de validit\u00e9 des cartes a \u00e9t\u00e9 effectu\u00e9 dans des conditions particuli\u00e8rement contestables (des remarques d\u00e9sobligeantes, impolies, irrespectueuses, voire agressives ont \u00e9t\u00e9 faites aux enfants).<\/li>\n<\/ul>\n<p>&nbsp;<\/p>\n<p>Mme Wosnitza, parent d\u2019\u00e9l\u00e8ves, en a inform\u00e9 et s\u2019en est plainte au P\u00f4le Transport du Conseil R\u00e9gional (celui-ci lui a fait part des suites donn\u00e9es \u00e0 sa plainte\u00a0: le personnel incrimin\u00e9 ayant reproduit ce comportement a plusieurs reprises est licenci\u00e9 pour faute professionnelle).<\/p>\n<p>&nbsp;<\/p>\n<ul>\n<li>Mme Paubon demande s\u2019il serait possible de consulter le menu de la cantine autrement que par son affichage au p\u00e9riscolaire. M. Fromentin lui indique qu\u2019il serait possible d\u2019en faire l\u2019envoi en masse aux personnes qui indiqueraient leur adresse \u00e9lectronique\u00a0: le sujet sera mis \u00e0 l\u2019\u00e9tude.<\/li>\n<\/ul>\n<p><strong>\u00a0<\/strong><\/p>\n<p>&nbsp;<\/p>\n<p style=\"text-align: center;\"><strong><u>Annexe\u00a0au r\u00e8glement int\u00e9rieur des \u00e9coles de Coucy 1, Coucy 2 et Lucquy<\/u><\/strong><\/p>\n<p style=\"text-align: center;\"><strong>*<\/strong><\/p>\n<p style=\"text-align: center;\"><strong><u>Chapitre \u00ab\u00a0Vie scolaire et surveillance\u00a0\u00bb <\/u><\/strong><\/p>\n<p>&nbsp;<\/p>\n<ul>\n<li>Une tenue correcte est souhait\u00e9e : l\u2019habillement, les accessoires, les coiffures (formes et couleurs)\u00ab\u00a0excentriques\u00bb sont \u00e0\u00a0 \u00e9viter, de m\u00eame tout accessoire ou tenue remettant en cause la s\u00e9curit\u00e9 de l\u2019enfant (chaussures non attach\u00e9es, bijoux trop longs\u2026).<\/li>\n<\/ul>\n<p>En cas de non-respect de cette disposition , le directeur sera amen\u00e9 \u00e0 contacter la famille concern\u00e9e afin\u00a0 de signaler ce manquement au r\u00e8glement,<\/p>\n<p>&nbsp;<\/p>\n<ul>\n<li>Sont prohib\u00e9s \u00e0 l\u2019\u00e9cole tous les objets pr\u00e9sentant de par leur nature un caract\u00e8re dangereux (tels couteau, cutter\u2026).<\/li>\n<\/ul>\n<p>&nbsp;<\/p>\n<ul>\n<li>Sont aussi prohib\u00e9s les t\u00e9l\u00e9phones portables, les lecteurs de musique, les jeux \u00e9lectroniques\u2026ou tout objet \u00e9tant consid\u00e9r\u00e9 par les enseignants comme perturbateur de la scolarit\u00e9.<\/li>\n<\/ul>\n<p>&nbsp;<\/p>\n<ul>\n<li>Les \u00e9coles n\u2019organisent plus de collations au cours de la journ\u00e9e conform\u00e9ment aux derni\u00e8res recommandations \u00e9mises dans \u00ab\u00a0le guide de l\u2019hygi\u00e8ne et de la sant\u00e9 \u00e0 l\u2019\u00e9cole\u00bb.<\/li>\n<\/ul>\n<p>Les \u00e9l\u00e8ves, d\u00e8s lors, ne sont autoris\u00e9s \u00e0 apporter \u00e0 l\u2019\u00e9cole que de l\u2019eau.<\/p>\n<p>Les go\u00fbters d\u2019anniversaire, en tant que moment de convivialit\u00e9 et de partage, demeurent autoris\u00e9s (attention, cependant : les g\u00e2teaux \u00ab\u00a0faits maison\u00a0\u00bb ne sont pas autoris\u00e9s, seuls les produits achet\u00e9s aupr\u00e8s des commer\u00e7ants peuvent \u00eatre propos\u00e9s aux enfants).<\/p>\n<p>&nbsp;<\/p>\n","protected":false},"excerpt":{"rendered":"<p>Voici le compte rendu des conseils des \u00e9coles de Coucy 1, Coucy 2 et Lucquy qui se sont tenus le 19 octobre 2017.<\/p>\n","protected":false},"author":1,"featured_media":0,"comment_status":"open","ping_status":"open","sticky":false,"template":"","format":"standard","meta":{"ngg_post_thumbnail":0,"footnotes":""},"categories":[16,12],"tags":[],"_links":{"self":[{"href":"https:\/\/sitetab3.ac-reims.fr\/ec-lucquy\/-wp-\/wp-json\/wp\/v2\/posts\/5803"}],"collection":[{"href":"https:\/\/sitetab3.ac-reims.fr\/ec-lucquy\/-wp-\/wp-json\/wp\/v2\/posts"}],"about":[{"href":"https:\/\/sitetab3.ac-reims.fr\/ec-lucquy\/-wp-\/wp-json\/wp\/v2\/types\/post"}],"author":[{"embeddable":true,"href":"https:\/\/sitetab3.ac-reims.fr\/ec-lucquy\/-wp-\/wp-json\/wp\/v2\/users\/1"}],"replies":[{"embeddable":true,"href":"https:\/\/sitetab3.ac-reims.fr\/ec-lucquy\/-wp-\/wp-json\/wp\/v2\/comments?post=5803"}],"version-history":[{"count":7,"href":"https:\/\/sitetab3.ac-reims.fr\/ec-lucquy\/-wp-\/wp-json\/wp\/v2\/posts\/5803\/revisions"}],"predecessor-version":[{"id":5810,"href":"https:\/\/sitetab3.ac-reims.fr\/ec-lucquy\/-wp-\/wp-json\/wp\/v2\/posts\/5803\/revisions\/5810"}],"wp:attachment":[{"href":"https:\/\/sitetab3.ac-reims.fr\/ec-lucquy\/-wp-\/wp-json\/wp\/v2\/media?parent=5803"}],"wp:term":[{"taxonomy":"category","embeddable":true,"href":"https:\/\/sitetab3.ac-reims.fr\/ec-lucquy\/-wp-\/wp-json\/wp\/v2\/categories?post=5803"},{"taxonomy":"post_tag","embeddable":true,"href":"https:\/\/sitetab3.ac-reims.fr\/ec-lucquy\/-wp-\/wp-json\/wp\/v2\/tags?post=5803"}],"curies":[{"name":"wp","href":"https:\/\/api.w.org\/{rel}","templated":true}]}}