{"id":6326,"date":"2018-07-05T07:33:57","date_gmt":"2018-07-05T05:33:57","guid":{"rendered":"http:\/\/sitetab3.ac-reims.fr\/ec-lucquy\/-wp-\/?p=6326"},"modified":"2018-10-20T09:41:36","modified_gmt":"2018-10-20T07:41:36","slug":"conseil-decole-5","status":"publish","type":"post","link":"https:\/\/sitetab3.ac-reims.fr\/ec-lucquy\/-wp-\/conseil-decole-5\/","title":{"rendered":"Conseil d&rsquo;\u00e9cole"},"content":{"rendered":"<p><img loading=\"lazy\" decoding=\"async\" class=\"alignleft \" src=\"http:\/\/web.ac-corse.fr\/ia2a\/cannes\/photo\/art\/default\/1013374-1275466.jpg?v=1511878421\" width=\"196\" height=\"118\" \/>Voici le compte rendu du Conseil d&rsquo;Ecole qui s&rsquo;est tenu le vendredi 29 juin.<!--more--><\/p>\n<p><strong><u>Composition\u00a0:<\/u><\/strong><\/p>\n<p><u>Enseignantes<\/u>\u00a0:<\/p>\n<ul>\n<li>Mmes Barbieux, Morel, Bouillard, Schmit, Demay , Locardel .<\/li>\n<\/ul>\n<p><u>Elus, membres de droit<\/u>\u00a0:<\/p>\n<ul>\n<li>Pour la mairie de Lucquy\u00a0: M. Lamorlette (maire), M. Haution, conseiller municipal<\/li>\n<li>Pour la Communaut\u00e9 de Communes du Pays reth\u00e9lois (CCPR)\u00a0: M. Maillard<\/li>\n<\/ul>\n<p><u>Elu(s), invit\u00e9(s)<\/u> :<\/p>\n<ul>\n<li>Pour la mairie de Coucy : M. Potier<\/li>\n<\/ul>\n<p><u>Repr\u00e9sentants des Parents d\u2019\u00e9l\u00e8ves<\/u>\u00a0(titulaires et suppl\u00e9ants):<\/p>\n<ul>\n<li>Pour l\u2019\u00e9cole de Coucy 2\u00a0: Mme Faucon<\/li>\n<li>Pour l\u2019\u00e9cole de Coucy 1\u00a0: Mme Wosnitza, M. Bonnevie, Mme Paubon<\/li>\n<li>Pour l\u2019\u00e9cole de Lucquy\u00a0: M. Bertin, Mme Schneider, Mme Faucheux, Mme Bonnevie<\/li>\n<\/ul>\n<p><u>DDEN<\/u>\u00a0:<\/p>\n<ul>\n<li>Pour les \u00e9coles de Lucquy\u00a0: aucun DDEN nomm\u00e9 \u00e0 ce jour.<\/li>\n<li>Pour l\u2019\u00e9cole de Coucy : M. Gilbert Richard<\/li>\n<\/ul>\n<p><u>Absents excus\u00e9s\u00a0: <\/u><\/p>\n<ul>\n<li>Mme Pierrot, Inspectrice de l\u2019Education Nationale de la Circonscription de Rethel<\/li>\n<li>Mme Peggy Locatelli (RASED)<\/li>\n<li>Mme Macaret, parent d\u2019\u00e9l\u00e8ve<\/li>\n<li>M. Carier, maire d\u2019Auboncourt-Vauzelles<\/li>\n<\/ul>\n<p><u>Autre(s) invit\u00e9 (s)<\/u>\u00a0:<\/p>\n<ul>\n<li>M. Fromentin, pr\u00e9sident de l\u2019AFR en charge du p\u00e9riscolaire<\/li>\n<\/ul>\n<p><strong>\u00a0<\/strong><\/p>\n<p><strong><u>A l\u2019ordre du jour\u00a0:<\/u><\/strong><\/p>\n<p><strong>\u00a0<\/strong><\/p>\n<p><strong>Les rythmes scolaires pour l\u2019ann\u00e9e 2018-2019.<\/strong><\/p>\n<p><strong>La r\u00e9partition des effectifs pour l\u2019ann\u00e9e 2018-2019.<\/strong><\/p>\n<p><strong>Les activit\u00e9s du Regroupement et les questions diverses.<\/strong><\/p>\n<p>&nbsp;<\/p>\n<p><u>1-Les rythmes scolaires\u00a0: <\/u><\/p>\n<p>Le Conseil d\u2019Ecole du 16 janvier dernier s\u2019\u00e9tait prononc\u00e9 en faveur d\u2019un r\u00e9gime d\u00e9rogatoire fixant la semaine scolaire \u00e0 4 jours (du lundi au vendredi, exception faite du mercredi).<\/p>\n<ol>\n<li>D\u00e9leris, IA-DASEN, a accept\u00e9 notre demande de d\u00e9rogation\u00a0; les horaires des \u00e9coles seront donc, chaque lundi, mardi, jeudi et vendredi\u00a0:<\/li>\n<\/ol>\n<table>\n<tbody>\n<tr>\n<td width=\"213\"><\/td>\n<td width=\"213\">MATIN<\/td>\n<td width=\"213\">APRES-MIDI<\/td>\n<\/tr>\n<tr>\n<td width=\"213\">Ecole de Coucy 1<\/td>\n<td width=\"213\">8h30-11h30<\/td>\n<td width=\"213\">13h30-16h30<\/td>\n<\/tr>\n<tr>\n<td width=\"213\">Ecole de Coucy 2<\/td>\n<td width=\"213\">8h35-11h35<\/td>\n<td width=\"213\">13h35-16h35<\/td>\n<\/tr>\n<tr>\n<td width=\"213\">Ecole de Lucquy<\/td>\n<td width=\"213\">8h40-11h40<\/td>\n<td width=\"213\">13h40-16h40<\/td>\n<\/tr>\n<\/tbody>\n<\/table>\n<p>&nbsp;<\/p>\n<p>Le temps des Activit\u00e9s P\u00e9dagogiques Compl\u00e9mentaires (APC) sera organis\u00e9 apr\u00e8s la classe, \u00e0 raison d\u2019une heure par semaine.<\/p>\n<p>Une nouvelle circulaire r\u00e9git le contenu des APC\u00a0: il s\u2019agira de d\u00e9dier les activit\u00e9s \u00e0 la ma\u00eetrise du langage et \u00e0 la lecture. La cr\u00e9ation de \u00ab\u00a0clubs de lecture\u00a0\u00bb sera inscrite dans les projets\u00a0 de chaque \u00e9cole.<\/p>\n<p>Dans l\u2019attente des instructions de Mme Pierrot, IEN, lors de la prochaine r\u00e9union des directeurs,\u00a0les enseignantes ont choisi d\u2019organiser les APC le lundi, tout en envisageant \u00e9galement, selon certains projets, certaines situations d\u2019\u00e9l\u00e8ves, de faire, certaines semaines, plusieurs s\u00e9ances d\u2019APC. Les familles en seront bien s\u00fbr inform\u00e9es \u00e0 l\u2019avance\u00a0: les APC \u00e9tant organis\u00e9es hors temps scolaire, elles ne sont pas obligatoires et sont soumises \u00e0 l\u2019accord pr\u00e9alable des familles.<\/p>\n<p>Les enseignantes sont bien conscientes que certaines familles pourraient ne pas avoir acc\u00e8s aux APC puisqu\u2019elles ont lieu apr\u00e8s le passage du bus (ce sera aux familles d\u2019organiser le retour des enfants par leurs propres moyens)\u00a0; toutefois, aucune autre organisation ne semble possible.<\/p>\n<p>Les horaires des APC seront donc pour l\u2019\u00e9cole de Coucy 1, de 16h30 \u00e0 17h30, pour l\u2019\u00e9cole de Coucy 2, de 16h35 \u00e0 17h35, et pour l\u2019\u00e9cole de Lucquy, de 16h40 \u00e0 17h40.<\/p>\n<p>L\u2019organisation des APC fera l\u2019objet d\u2019un avenant au Projet d\u2019Ecole.<\/p>\n<p>&nbsp;<\/p>\n<p><u>2- R\u00e9partition des effectifs pour la rentr\u00e9e 2018\u00a0:<\/u><\/p>\n<p>Mme Schneider indique au Conseil d\u2019Ecole, \u00a0ce jour, la demande de radiation de ses 2 enfants. Une modification de derni\u00e8re minute est donc \u00e0 enregistrer\u00a0; D\u2019o\u00f9 les effectifs suivants\u00a0:<\/p>\n<table width=\"674\">\n<tbody>\n<tr>\n<td width=\"84\">PS<\/td>\n<td width=\"84\">MS<\/td>\n<td width=\"84\">\u00a0GS<\/td>\n<td width=\"84\">CP<\/td>\n<td width=\"84\">CE1<\/td>\n<td width=\"84\">CE2<\/td>\n<td width=\"84\">CM1<\/td>\n<td width=\"84\">CM2<\/td>\n<\/tr>\n<tr>\n<td width=\"84\">12<\/td>\n<td width=\"84\">14<\/td>\n<td width=\"84\">9<\/td>\n<td width=\"84\">19<\/td>\n<td width=\"84\">11<\/td>\n<td width=\"84\">17<\/td>\n<td width=\"84\">19<\/td>\n<td width=\"84\">23<\/td>\n<\/tr>\n<\/tbody>\n<\/table>\n<p>Les enseignantes ont choisi de r\u00e9partir les effectifs en s\u2019appuyant sur l\u2019examen des comp\u00e9tences transversales des enfants (maturit\u00e9, capacit\u00e9 de concentration, rythme de travail, langage, comportement dans le groupe\u2026), l\u2019\u00e9quilibre des classes a \u00e9t\u00e9 recherch\u00e9 au mieux. Le crit\u00e8re d\u2019utilisation des transports par bus, m\u00eame s\u2019il est parfois pris en compte, \u00a0n\u2019a pas \u00e9t\u00e9 retenu comme prioritaire.<\/p>\n<p>La r\u00e9partition pr\u00e9vue, approuv\u00e9e par Mme Pierrot, sera\u00a0:<\/p>\n<table width=\"666\">\n<tbody>\n<tr>\n<td colspan=\"2\" width=\"150\">\n<p style=\"text-align: center;\">Ecole de Coucy 2<\/p>\n<\/td>\n<td style=\"text-align: center;\" colspan=\"3\" width=\"205\">Ecole de Coucy 1<\/td>\n<td style=\"text-align: center;\" colspan=\"5\" width=\"311\">Ecole de Lucquy<\/td>\n<\/tr>\n<tr>\n<td colspan=\"2\" width=\"150\">\n<p style=\"text-align: center;\">\u00a0<u>Classe de\u00a0Mme<\/u><\/p>\n<p style=\"text-align: center;\">Floriane Barbieux<\/p>\n<p style=\"text-align: center;\">\n<\/td>\n<td style=\"text-align: center;\" colspan=\"2\" width=\"102\"><u>Classe de\u00a0Mme<\/u><\/p>\n<p>Aur\u00e9lie Morel<\/td>\n<td style=\"text-align: center;\" width=\"103\"><u>Classe de\u00a0Mme<\/u><\/p>\n<p>Muriel Bouillard<\/td>\n<td style=\"text-align: center;\" colspan=\"2\" width=\"102\"><u>Classe de\u00a0Mme<\/u><\/p>\n<p>Muriel Schmit<\/td>\n<td style=\"text-align: center;\" colspan=\"2\" width=\"103\"><u>Classe de\u00a0Mme<\/u><\/p>\n<p>Laurence Demay<\/td>\n<td width=\"106\">\n<p style=\"text-align: center;\"><u>Classede\u00a0Mme<\/u><\/p>\n<p style=\"text-align: center;\">Elisabeth Locardel<\/p>\n<\/td>\n<\/tr>\n<tr>\n<td width=\"72\">\n<p style=\"text-align: center;\">\u00a0<u>\u00a0PS<\/u><\/p>\n<\/td>\n<td style=\"text-align: center;\" width=\"78\"><u>MS\u00a0<\/u><\/td>\n<td style=\"text-align: center;\" width=\"51\"><u>MS<\/u><\/td>\n<td style=\"text-align: center;\" width=\"51\"><u>GS<\/u><\/td>\n<td style=\"text-align: center;\" width=\"103\"><u>CP<\/u><\/td>\n<td style=\"text-align: center;\" width=\"51\"><u>CE1<\/u><\/td>\n<td style=\"text-align: center;\" width=\"51\"><u>CE2<\/u><\/td>\n<td style=\"text-align: center;\" width=\"51\"><u>CE2<\/u><\/td>\n<td style=\"text-align: center;\" width=\"51\"><u>CM1<\/u><\/td>\n<td width=\"106\">\n<p style=\"text-align: center;\"><u>CM2<\/u><\/p>\n<\/td>\n<\/tr>\n<tr>\n<td width=\"72\">\n<p style=\"text-align: center;\">12<\/p>\n<\/td>\n<td style=\"text-align: center;\" width=\"78\">6<\/td>\n<td style=\"text-align: center;\" width=\"51\">8<\/td>\n<td style=\"text-align: center;\" width=\"51\">9<\/td>\n<td style=\"text-align: center;\" width=\"103\">19<\/td>\n<td style=\"text-align: center;\" width=\"51\">11<\/td>\n<td style=\"text-align: center;\" width=\"51\">11<\/td>\n<td style=\"text-align: center;\" width=\"51\">6<\/td>\n<td style=\"text-align: center;\" width=\"51\">19<\/td>\n<td width=\"106\">\n<p style=\"text-align: center;\">23<\/p>\n<\/td>\n<\/tr>\n<tr>\n<td style=\"text-align: center;\" colspan=\"2\" width=\"150\">18<\/td>\n<td style=\"text-align: center;\" colspan=\"2\" width=\"102\">17<\/td>\n<td style=\"text-align: center;\" width=\"103\">19<\/td>\n<td style=\"text-align: center;\" colspan=\"2\" width=\"102\">22<\/td>\n<td style=\"text-align: center;\" colspan=\"2\" width=\"103\">25<\/td>\n<td width=\"106\">\n<p style=\"text-align: center;\">23<\/p>\n<\/td>\n<\/tr>\n<\/tbody>\n<\/table>\n<p><u>\u00a0<\/u><\/p>\n<p><u>3-Activit\u00e9s du RPD<\/u>\u00a0:<\/p>\n<p>Ont \u00e9t\u00e9 organis\u00e9s au cours de cette derni\u00e8re p\u00e9riode de l\u2019ann\u00e9e\u00a0:<\/p>\n<p>&#8211; le Projet \u00ab\u00a0Rallye des Enigmes\u00a0\u00bb\u00a0pr\u00e9vu dans le cadre du Projet d\u2019Ecole, le 1<sup>er<\/sup> juin,<\/p>\n<p>&#8211; la Kermesse des \u00e9coles de Coucy \u00e0 laquelle l\u2019\u00e9cole de Lucquy a particip\u00e9 en y pr\u00e9sentant son spectacle de chants et danses, le 23 juin,<\/p>\n<p>&#8211; la sortie p\u00e9dagogique des classes de cycle 3\u00a0: le mardi 10 avril au Mus\u00e9e de l\u2019Ardennes,<\/p>\n<p>&#8211; la sortie p\u00e9dagogique des classes de cycle 2\u00a0: le 5 juillet au Plan\u00e9tarium et au Mus\u00e9e des Beaux-Arts de Reims,<\/p>\n<p>&#8211; la sortie p\u00e9dagogique des classes de cycle 1\u00a0: le 28 juin \u00e0 Zig-Zag Parc au Val de Vesle,<\/p>\n<p>Pour l\u2019an prochain\u00a0: Les classes de cycle 3 \u00a0visiteront\u00a0 les sites historiques de Verdun (comm\u00e9moration du centenaire de la 1<sup>\u00e8re<\/sup> guerre mondiale) le 6 novembre 2018. Une demande de subvention est faite aupr\u00e8s des Communes du RPD.<\/p>\n<p>L\u2019Association des Anciens Combattants, contact\u00e9e sur proposition de M. Lamorlette pour se joindre au projet, n\u2019a pas donn\u00e9 suite.<\/p>\n<p>&nbsp;<\/p>\n<p><u>6-Questions diverses\u00a0: <\/u><\/p>\n<p><strong><u>\u00a0<\/u><\/strong><\/p>\n<ul>\n<li><u>Pour l\u2019\u00e9cole de Lucquy<\/u>, quelques travaux ou d\u00e9penses sont \u00e0 envisager\u00a0:<\/li>\n<\/ul>\n<p>&#8211; La consolidation des prises \u00e9lectriques sur le rail en fond de classe de Mme Locardel.<\/p>\n<p>&#8211; Dans le cadre de l\u2019organisation du PPMS avec \u00e9loignement\u00a0: les enseignantes demandent s\u2019il serait possible de disposer de doubles de la cl\u00e9 de la \u00ab\u00a0petite porte\u00a0\u00bb de la Salle des F\u00eates (1 seule cl\u00e9 est disponible \u00e0 l\u2019\u00e9tage dans le bureau alors que les classes peuvent \u00eatre dispers\u00e9es ou \u00eatre \u00e0 l\u2019ext\u00e9rieur et ne pas pouvoir prendre le seul trousseau de cl\u00e9s disponible). M. Lamorlette s\u2019y oppose, jugeant que d\u00e9j\u00e0 trop de personnes disposent des cl\u00e9s de la Salle des f\u00eates.<\/p>\n<p>&#8211; 2 stores dans la classe de Mme Demay et \u00a02 stores dans la salle polyvalente sont demand\u00e9s\u00a0; M. Lamorlette indique que cela est programm\u00e9 pour les prochaines vacances scolaires.<\/p>\n<p>&#8211; La porte d\u2019entr\u00e9e de l\u2019\u00e9cole (hall) est tr\u00e8s difficile \u00e0 man\u0153uvrer selon les conditions m\u00e9t\u00e9orologiques\u00a0; M. Lamorlette indique qu\u2019il v\u00e9rifiera si une intervention visant au r\u00e9glage de la porte a bien \u00e9t\u00e9 programm\u00e9e.<\/p>\n<p>&#8211; Des fuites d\u2019eau r\u00e9currentes dans les sanitaires, du c\u00f4t\u00e9 des urinoirs, ont \u00e9t\u00e9 signal\u00e9es et r\u00e9par\u00e9es.<\/p>\n<p>&#8211; On demande la mise en place d\u2019une poubelle, ferm\u00e9e, de taille adapt\u00e9e aux \u00e9l\u00e8ves dans le vestiaire attenant aux sanitaires (la poubelle actuelle, sans couvercle, attire les fourmis, laisse \u00e9chapper des d\u00e9chets au moindre coup de vent).<\/p>\n<p>&nbsp;<\/p>\n<ul>\n<li><u>Pour les \u00e9coles de Coucy<\/u>, la liste des demandes de travaux est envoy\u00e9e \u00e0 la CCPR, il est demand\u00e9 de veiller particuli\u00e8rement \u00e0 installer un nettoyage r\u00e9gulier, tous domaines confondus (classe, cour, goutti\u00e8res\u2026). M. Potier indique qu\u2019 \u00e0 la rentr\u00e9e les \u00e9coles seront nettoy\u00e9es les mercredis apr\u00e8s-midis\u00a0; les enseignantes soulignent que ce serait mieux que l&rsquo;agent qui entretient l&rsquo;\u00e9cole puisse prendre les initiatives de nettoyage qui s\u2019imposent.<\/li>\n<\/ul>\n<p>&nbsp;<\/p>\n<ul>\n<li><u>Les \u00e9coles de Coucy et Lucquy<\/u> signalent les difficult\u00e9s \u00e0 organiser, lors des sorties p\u00e9dagogiques, la fourniture des repas des \u00e9l\u00e8ves (sous forme de pique-nique)\u00a0: les familles oublient de ne pas inscrire leur(s) enfant (s) \u00e0 la cantine, oublient de retourner les coupons d\u2019inscription pour le repas\/pique-nique\u2026Cette organisation \u00e9tant \u00e0 l\u2019\u00e9tat d\u2019exp\u00e9rimentation cette ann\u00e9e, il est d\u00e9cid\u00e9, face \u00e0 toutes les difficult\u00e9s rencontr\u00e9es de ne plus proposer ce service.<\/li>\n<\/ul>\n<p>&nbsp;<\/p>\n<ul>\n<li><u>Cr\u00e9ation du futur P\u00f4le Scolaire COUCY-LUCQUY<\/u>: M. Potier livre quelques informations au Conseil d\u2019Ecole\u00a0:<\/li>\n<\/ul>\n<ul>\n<li>Les accords ont \u00e9t\u00e9 donn\u00e9s par les services de la sous-pr\u00e9fecture et de la DSDEN (direction des services d\u00e9partementaux de l\u2019Education Nationale).<\/li>\n<li>La CCPR a valid\u00e9 le projet.<\/li>\n<li>Le lieu d\u2019implantation se situera sur le terrain disponible derri\u00e8re la MFR (Maison Familiale Rurale).<\/li>\n<li>L\u2019ouverture est pr\u00e9vue en septembre 2020.<\/li>\n<li>Le P\u00f4le devrait comporter 6 classes et 1 salle p\u00e9riscolaire.<\/li>\n<\/ul>\n<p>Les enseignantes s\u2019inqui\u00e8tent de ne pas disposer d\u2019une salle d\u2019informatique, d\u2019une biblioth\u00e8que, ni m\u00eame d\u2019une salle de motricit\u00e9\u00a0!<\/p>\n<p>La salle des f\u00eates servant aux activit\u00e9s sportives \u00e9tant bien trop \u00e9loign\u00e9e du site pour y aller \u00e0 pied avec des \u00e9l\u00e8ves de maternelle, on se demande comment organiser cet enseignement alors que les \u00e9l\u00e8ves de la maternelle doivent pratiquer les activit\u00e9s physiques quotidiennement.<\/p>\n<p>De plus, les r\u00e9centes modifications d\u2019autorisation de sortie obligeant chaque classe \u00e0 disposer d\u2019un accompagnateur en plus de l\u2019enseignant, cela\u00a0 limite fortement les d\u00e9placements des classes.<\/p>\n<p>M. Potier indique que les structures de la MFR seront mises \u00e0 disposition des \u00e9l\u00e8ves, toutefois, les enseignantes s\u2019inqui\u00e8tent des questions d\u2019organisation et de disponibilit\u00e9 de structures qui devront \u00eatre partag\u00e9es.<\/p>\n<p>&nbsp;<\/p>\n<ul>\n<li><u>Dans le domaine p\u00e9riscolaire<\/u>, M. Fromentin salue la participation des parents b\u00e9n\u00e9voles pour l\u2019organisation de la kermesse des \u00e9coles, celle des Mairies pour le pr\u00eat de mat\u00e9riel.<\/li>\n<\/ul>\n<p>Il indique \u00e9galement que l\u2019an prochain, \u00e0 titre exp\u00e9rimental, un service d\u2019accueil sera mis en place le mercredi toute la journ\u00e9e.<\/p>\n<p>Quant \u00e0 l\u2019accueil des enfants apr\u00e8s la classe, il se pourrait que les horaires soient revus et pr\u00e9voient une fermeture plus t\u00f4t le soir.<\/p>\n<p>&nbsp;<\/p>\n","protected":false},"excerpt":{"rendered":"<p>Voici le compte rendu du Conseil d&rsquo;Ecole qui s&rsquo;est tenu le vendredi 29 juin.<\/p>\n","protected":false},"author":1,"featured_media":0,"comment_status":"open","ping_status":"open","sticky":false,"template":"","format":"standard","meta":{"ngg_post_thumbnail":0,"footnotes":""},"categories":[16,12],"tags":[],"_links":{"self":[{"href":"https:\/\/sitetab3.ac-reims.fr\/ec-lucquy\/-wp-\/wp-json\/wp\/v2\/posts\/6326"}],"collection":[{"href":"https:\/\/sitetab3.ac-reims.fr\/ec-lucquy\/-wp-\/wp-json\/wp\/v2\/posts"}],"about":[{"href":"https:\/\/sitetab3.ac-reims.fr\/ec-lucquy\/-wp-\/wp-json\/wp\/v2\/types\/post"}],"author":[{"embeddable":true,"href":"https:\/\/sitetab3.ac-reims.fr\/ec-lucquy\/-wp-\/wp-json\/wp\/v2\/users\/1"}],"replies":[{"embeddable":true,"href":"https:\/\/sitetab3.ac-reims.fr\/ec-lucquy\/-wp-\/wp-json\/wp\/v2\/comments?post=6326"}],"version-history":[{"count":2,"href":"https:\/\/sitetab3.ac-reims.fr\/ec-lucquy\/-wp-\/wp-json\/wp\/v2\/posts\/6326\/revisions"}],"predecessor-version":[{"id":6393,"href":"https:\/\/sitetab3.ac-reims.fr\/ec-lucquy\/-wp-\/wp-json\/wp\/v2\/posts\/6326\/revisions\/6393"}],"wp:attachment":[{"href":"https:\/\/sitetab3.ac-reims.fr\/ec-lucquy\/-wp-\/wp-json\/wp\/v2\/media?parent=6326"}],"wp:term":[{"taxonomy":"category","embeddable":true,"href":"https:\/\/sitetab3.ac-reims.fr\/ec-lucquy\/-wp-\/wp-json\/wp\/v2\/categories?post=6326"},{"taxonomy":"post_tag","embeddable":true,"href":"https:\/\/sitetab3.ac-reims.fr\/ec-lucquy\/-wp-\/wp-json\/wp\/v2\/tags?post=6326"}],"curies":[{"name":"wp","href":"https:\/\/api.w.org\/{rel}","templated":true}]}}