{"id":6996,"date":"2019-06-27T11:31:10","date_gmt":"2019-06-27T09:31:10","guid":{"rendered":"http:\/\/sitetab3.ac-reims.fr\/ec-lucquy\/-wp-\/?p=6996"},"modified":"2019-06-27T11:31:10","modified_gmt":"2019-06-27T09:31:10","slug":"conseil-decole-6","status":"publish","type":"post","link":"https:\/\/sitetab3.ac-reims.fr\/ec-lucquy\/-wp-\/conseil-decole-6\/","title":{"rendered":"Conseil d&rsquo;\u00e9cole"},"content":{"rendered":"<p><img loading=\"lazy\" decoding=\"async\" class=\"alignleft \" src=\"http:\/\/projet-lereflet.fr\/wp-content\/uploads\/2016\/01\/r%C3%A9uniondejanvier.png\" width=\"167\" height=\"70\" \/>Voici le compte rendu du Conseil d&rsquo;Ecole du 25 juin.<!--more--><\/p>\n<p><strong><u>Pr\u00e9sents\u00a0:<\/u><\/strong><\/p>\n<p><u>Enseignantes<\/u>\u00a0:<\/p>\n<ul>\n<li>Mmes Barbieux, Morel , Bouillard, Schmit, Demay , Locardel, Schmit.<\/li>\n<\/ul>\n<p><u>Elus, membres de droit<\/u>\u00a0:<\/p>\n<ul>\n<li>Pour la mairie de Lucquy\u00a0: Mme. Mallet<\/li>\n<\/ul>\n<p><u>Elus, invit\u00e9s<\/u>\u00a0:<\/p>\n<ul>\n<li>Pour la mairie d\u2019Auboncourt-Vauzelles : M. Carier (maire)<\/li>\n<li>Pour la mairie de Coucy\u00a0: M. Bonnevie<\/li>\n<\/ul>\n<p><u>Repr\u00e9sentants des Parents d\u2019\u00e9l\u00e8ves<\/u>\u00a0(titulaires et suppl\u00e9ants):<\/p>\n<ul>\n<li>Pour l\u2019\u00e9cole de Coucy 1\u00a0:Mme Wosnitza, Mme Paubon<\/li>\n<li>Pour l\u2019\u00e9cole de Coucy 1\u00a0: Mme Faucon<\/li>\n<li>Pour l\u2019\u00e9cole de Lucquy\u00a0: M. Bertin, Mme Glachant,\u00a0 Bonnevie<\/li>\n<\/ul>\n<p><u>DDEN<\/u>\u00a0:<\/p>\n<ul>\n<li>Pour les \u00e9coles de Lucquy\u00a0:\u00a0aucun DDEN nomm\u00e9 \u00e0 ce jour<\/li>\n<li>Pour l\u2019\u00e9cole de Coucy\u00a0: Gilbert Richard<\/li>\n<\/ul>\n<p><u>Absents excus\u00e9s\u00a0: <\/u><\/p>\n<ul>\n<li>Mme Pierrot, Inspectrice de l\u2019Education Nationale de la Circonscription de Rethel<\/li>\n<li>Mme Bonnevie, Repr\u00e9sentante des parents d\u2019\u00e9l\u00e8ves<\/li>\n<li>M. Fromentin (pr\u00e9sident de l\u2019association Familles Rurales en charge du service p\u00e9riscolaire)<\/li>\n<li>Mme Peggy Locatelli, Psychologue scolaire<\/li>\n<li>M. Aubert, Communaut\u00e9 de Communes du Pays Reth\u00e9lois (CCPR)<\/li>\n<li>M. Monceau, maire de Faux<\/li>\n<\/ul>\n<p>&nbsp;<\/p>\n<p><strong><u>A l\u2019ordre du jour\u00a0:<\/u><\/strong><\/p>\n<p>Les effectifs scolaires pr\u00e9vus pour la rentr\u00e9e 2019 et leur r\u00e9partition.<\/p>\n<p>Les activit\u00e9s du Regroupement.<\/p>\n<p>Des questions diverses.<\/p>\n<p>&nbsp;<\/p>\n<ul>\n<li><strong><u>Effectifs et r\u00e9partition des \u00e9l\u00e8ves pour l\u2019ann\u00e9e scolaire 2019-2020:<\/u><\/strong><\/li>\n<\/ul>\n<p><strong><u>\u00a0<\/u><\/strong><\/p>\n<p>On recense les effectifs suivants\u00a0:<\/p>\n<table width=\"638\">\n<tbody>\n<tr>\n<td width=\"80\">PS<\/td>\n<td width=\"80\">MS<\/td>\n<td width=\"80\">GS<\/td>\n<td width=\"80\">CP<\/td>\n<td width=\"80\">CE1<\/td>\n<td width=\"80\">CE2<\/td>\n<td width=\"80\">CM1<\/td>\n<td width=\"80\">CM2<\/td>\n<\/tr>\n<tr>\n<td width=\"80\">13<\/td>\n<td width=\"80\">13<\/td>\n<td width=\"80\">16<\/td>\n<td width=\"80\">10<\/td>\n<td width=\"80\">20<\/td>\n<td width=\"80\">11<\/td>\n<td width=\"80\">18<\/td>\n<td width=\"80\">18<\/td>\n<\/tr>\n<\/tbody>\n<\/table>\n<p>&nbsp;<\/p>\n<p>Soit un total de<strong> <u>119<\/u><\/strong> \u00e9l\u00e8ves pour 5 classes (23,8 \u00e9l\u00e8ves en moyenne par classe), suite \u00e0 la fermeture d\u2019une classe sur le RPD (Classe de Mme Locardel sur le site de Lucquy).<\/p>\n<p>Le Conseil des Ma\u00eetres s\u2019est prononc\u00e9 sur la r\u00e9partition suivante (approuv\u00e9e par Mme Pierrot, inspectrice de la circonscription)\u00a0:<\/p>\n<p>&nbsp;<\/p>\n<table>\n<tbody>\n<tr>\n<td width=\"100\">Ecole<\/td>\n<td width=\"107\">\n<p style=\"text-align: center;\">Coucy 2<\/p>\n<\/td>\n<td style=\"text-align: center;\" colspan=\"2\" width=\"205\">Coucy 1<\/td>\n<td colspan=\"2\" width=\"202\">\n<p style=\"text-align: center;\">Lucquy<\/p>\n<\/td>\n<\/tr>\n<tr>\n<td width=\"100\">Enseignante<\/td>\n<td width=\"107\">Mme Barbieux<\/td>\n<td width=\"99\">Mme Morel<\/td>\n<td width=\"105\">Mme Bouillard<\/td>\n<td width=\"101\">Mme Schmit<\/td>\n<td width=\"101\">Mme Demay<\/td>\n<\/tr>\n<tr>\n<td width=\"100\">Niveaux<\/td>\n<td width=\"107\">PS + MS<\/td>\n<td width=\"99\">GS + CP<\/td>\n<td width=\"105\">CP + CE1<\/td>\n<td width=\"101\">CE2 + CM1<\/td>\n<td width=\"101\">CM1 + CM2<\/td>\n<\/tr>\n<tr>\n<td width=\"100\">Effectifs<\/td>\n<td width=\"107\">13 + 13<\/td>\n<td width=\"99\">16 + 6<\/td>\n<td width=\"105\">4 +20<\/td>\n<td width=\"101\">11 + 12<\/td>\n<td width=\"101\">6 + 18<\/td>\n<\/tr>\n<tr>\n<td width=\"100\">Total<\/td>\n<td width=\"107\">26<\/td>\n<td width=\"99\">22<\/td>\n<td width=\"105\">24<\/td>\n<td width=\"101\">23<\/td>\n<td width=\"101\">24<\/td>\n<\/tr>\n<\/tbody>\n<\/table>\n<p>&nbsp;<\/p>\n<p>&nbsp;<\/p>\n<p>Lorsqu\u2019un niveau est r\u00e9parti sur deux classes, le Conseil des Ma\u00eetres a choisi de privil\u00e9gier une r\u00e9partition des \u00e9l\u00e8ves en fonction de leurs comp\u00e9tences transversales (rythme de travail, concentration, autonomie\u2026).<\/p>\n<p>On note\u00a0:<\/p>\n<ul>\n<li>La scolarisation d\u2019une enfant autiste est pr\u00e9vue en Moyenne Section l\u2019an prochain\u00a0: un dossier MDPH est en cours, les parents choisissent de rendre effective cette scolarisation de leur enfant d\u00e8s la nomination d\u2019une AVS.<\/li>\n<li>La mairie de Coucy a inform\u00e9 les enseignantes de Coucy 1 qu\u2019un logement de la Commune venait d\u2019\u00eatre lou\u00e9 \u00e0 une famille comportant 4 enfants dont 3 devraient \u00eatre scolaris\u00e9s sur le RPD.<\/li>\n<li>L\u2019\u00e9cole de Lucquy devrait compter 1 inscription suppl\u00e9mentaire en CE2.<\/li>\n<\/ul>\n<p>Les effectifs devraient donc s\u2019\u00e9lever \u00e0 123 \u00e9l\u00e8ves, soit une moyenne de 24,6 \u00e9l\u00e8ves par classe.<\/p>\n<p><strong><u>2-Activit\u00e9s<\/u><\/strong><u> <strong>du RPD<\/strong><\/u>\u00a0:<\/p>\n<ul>\n<li>La Kermesse des \u00e9coles de Coucy, avec participation de l\u2019\u00e9cole de LUCQUY pour le spectacle de chants et danses, est maintenue au 29 juin, toutefois, M. Fromentin, pr\u00e9sident de l\u2019AFR qui organise l\u2019\u00e9v\u00e9nement, en concertation avec les enseignantes, a d\u00e9cid\u00e9 de reporter le spectacle pr\u00e9vu \u00e0 15h00 \u00e0 la fin de matin\u00e9e (11h15) afin de s\u2019\u00e9pargner les trop fortes chaleurs et l\u2019absence d\u2019ombre de l\u2019apr\u00e8s-midi.<\/li>\n<\/ul>\n<p>&nbsp;<\/p>\n<ul>\n<li>Une sortie des classes de maternelle de Mme Barbieux et de Mme Morel est organis\u00e9e \u00e0 Coeuvres et Valsery pour une journ\u00e9e sur le th\u00e8me m\u00e9di\u00e9val le 1er juillet.<\/li>\n<\/ul>\n<p>&nbsp;<\/p>\n<ul>\n<li>Une sortie scolaire des classes de Mme Bouillard et de Mme Schmit est programm\u00e9e le 2 juillet au Mus\u00e9e de l\u2019Ardenne \u00e0 Charleville-M\u00e9zi\u00e8res.<\/li>\n<\/ul>\n<p><strong><u>3-Questions diverses\u00a0: <\/u><\/strong><\/p>\n<ul>\n<li><strong><u>Les PPMS (Plans particuliers de mise en s\u00fbret\u00e9) des \u00e9coles<\/u><\/strong>: les enseignantes rel\u00e8vent une bonne efficacit\u00e9 des proc\u00e9dures mises en place, aucun incident particulier n\u2019est \u00e0 signaler .<\/li>\n<\/ul>\n<p>Pour information, le th\u00e8me\u00a0retenu comme mise en situation \u00e9tait un \u00a0accident d\u2019un transport de mati\u00e8res dangereuses \u00e0 proximit\u00e9 de l\u2019\u00e9cole.<\/p>\n<ul>\n<li><strong><u>Organisation des APC pour l\u2019\u00e9cole de LUCQUY pour l\u2019an prochain<\/u><\/strong>:<\/li>\n<\/ul>\n<p>&nbsp;<\/p>\n<p>Les enseignantes avaient not\u00e9 au cours de cette ann\u00e9e quelques inconv\u00e9nients \u00e0 la mise en place des APC en fin de journ\u00e9e durant 1 heure (notamment la fatigue des enfants,\u00a0 une journ\u00e9e tr\u00e8s longue \u00e0 laquelle il fallait ajouter les devoirs \u00e0 la maison, le retour des enfants dans l\u2019obscurit\u00e9 en p\u00e9riode hivernale). Une autre organisation sera mise en place d\u00e8s septembre 2019 (apr\u00e8s accord de Mme Pierrot), il s\u2019agira pour des petits groupes d\u2019\u00e9l\u00e8ves (diff\u00e9rents chaque semaine) de s\u00e9ances\u00a0:<\/p>\n<ul>\n<li>Tous les jours, 18 semaines dans l\u2019ann\u00e9e<\/li>\n<li>De 13h00 \u00e0 13h30<\/li>\n<\/ul>\n<p>Les \u00e9coles de COUCY communiqueront leur organisation des APC \u00e0 la rentr\u00e9e.<\/p>\n<ul>\n<li><strong><u>Intervention de Mme Verdelet, infirmi\u00e8re scolaire<\/u>\u00a0:<\/strong><\/li>\n<\/ul>\n<p>Mme Verdelet a propos\u00e9 aux \u00e9coles une intervention \u00e0 la prochaine rentr\u00e9e scolaire (encore \u00e0 d\u00e9finir sur sa forme), \u00e0 destination des parents sur l\u2019usage des \u00e9crans.<\/p>\n<p>Les enseignantes d\u00e9cident de s\u2019inscrire dans ce projet\u00a0: on envisage une rencontre conviviale avec les familles en fin de journ\u00e9e de classe, au cours de la premi\u00e8re p\u00e9riode de l\u2019ann\u00e9e scolaire 2019-2020.<\/p>\n<p>Il sera demand\u00e9 \u00e0 la Mairie de Lucquy de pr\u00eater la grande ou la\u00a0 petite salle des F\u00eates (selon le nombre de participants).<\/p>\n<ul>\n<li><strong><u>Bilan du Rallye des \u00e9nigmes\u00a0:<\/u><\/strong><\/li>\n<\/ul>\n<p><strong><u>\u00a0<\/u><\/strong>Nos remerciements sont adress\u00e9s aux parents et au personnel du P\u00e9riscolaire pour leur accompagnement\u00a0; attention toutefois, on compte de moins en moins de parents volontaires, cela a failli remettre en cause l\u2019organisation du rallye (seule la mise \u00e0 disposition de l\u2019\u00e9quipe de l\u2019AFR a permis d\u2019y pallier cette ann\u00e9e et de maintenir l\u2019activit\u00e9).<\/p>\n<ul>\n<li><strong><u>Stages de r\u00e9ussite<\/u><\/strong>:<\/li>\n<\/ul>\n<p>Les enseignantes d\u00e9plorent le peu d\u2019inscriptions des \u00e9l\u00e8ves \u00e0 ces stages.<\/p>\n<p>Celui de printemps n\u2019avait pas pu se mettre en place faute de familles d\u00e9sirant y inscrire leur enfant (6 \u00e9l\u00e8ves de CM1 ou CM2 entraient bien dans le protocole d\u00e9fini par l\u2019administration concernant leurs difficult\u00e9s en fran\u00e7ais et\/ou math\u00e9matiques, mais seules 2 familles avaient accept\u00e9 d\u2019y adh\u00e9rer).<\/p>\n<p>Le stage d\u2019\u00e9t\u00e9 ne sera pas non plus propos\u00e9, car, \u00e0 nouveau, le quota de 6 \u00e9l\u00e8ves ne peut pas \u00eatre atteint.<\/p>\n<ul style=\"list-style-type: disc;\">\n<li><strong><u>\u00a0<\/u><\/strong><strong><u>Transports scolaires\u00a0: <\/u><\/strong><\/li>\n<\/ul>\n<p>Les familles ont \u00e9t\u00e9 inform\u00e9es de la gratuit\u00e9 des transports scolaires l\u2019an prochain\u00a0ainsi que des proc\u00e9dures de demande de carte de bus ; on rel\u00e8ve par contre que le site d\u00e9di\u00e9 aux inscriptions n\u2019est toujours pas op\u00e9rationnel.<\/p>\n<ul>\n<li><strong><u>P\u00f4le scolaire\u00a0: <\/u><\/strong><\/li>\n<\/ul>\n<p>Les mairies informent le Conseil d\u2019Ecole que les appels d\u2019offre sont en cours, la d\u00e9signation de l\u2019architecte devrait \u00eatre act\u00e9e sous peu, pour un d\u00e9but de construction en fin 2019.<\/p>\n<p>Il est pr\u00e9vu que les enseignantes soient inform\u00e9es du Projet, sur plan,\u00a0 avant le d\u00e9marrage de la construction elle-m\u00eame (vraisemblablement courant octobre).<\/p>\n<p>L\u2019entr\u00e9e effective dans le P\u00f4le est programm\u00e9e pour septembre 2020, voire janvier 2021 en cas de retard.<\/p>\n<p><strong>\u00a0<\/strong><\/p>\n<p><strong><u>Demandes ou informations sp\u00e9cifiques \u00e0 l\u2019\u00e9cole de LUCQUY\u00a0:<\/u><\/strong><\/p>\n<p><strong>\u00a0<\/strong><\/p>\n<ul>\n<li>Il serait souhaitable de r\u00e9gler le probl\u00e8me du chauffage pour la prochaine saison hivernale\u00a0: Mme Journ\u00e9e, employ\u00e9e communale en charge de l\u2019entretien quotidien des locaux, a eu pour consigne de \u00a0baisser tous les radiateurs de l\u2019\u00e9cole le soir, le lendemain matin, ou au retour du week-end, il\u00a0 fait donc froid, voire tr\u00e8s froid dans les classes. Si les enseignantes arrivaient \u00e0 l\u2019\u00e9cole peu avant l\u2019arriv\u00e9e des enfants eux-m\u00eames, il serait difficile d\u2019y travailler, les salles n\u2019\u00e9tant alors pas encore r\u00e9chauff\u00e9es.<\/li>\n<\/ul>\n<p>&nbsp;<\/p>\n<ul>\n<li>Mme Demay remercie vivement la Commune pour l\u2019octroi d\u2019un cr\u00e9dit sp\u00e9cial (hors cr\u00e9dit habituel des fournitures scolaires)\u00a0 qui a permis l\u2019achat de manuels de fran\u00e7ais pour les CM2.<\/li>\n<\/ul>\n<p>&nbsp;<\/p>\n<ul>\n<li>Toutefois, les enseignantes souhaiteraient la r\u00e9vision du cr\u00e9dit octroy\u00e9 par enfant (les prix des fournitures ont subi une forte hausse cette ann\u00e9e, les enseignantes ont d\u00fb voir \u00e0 la baisse le mat\u00e9riel command\u00e9\u00a0(gardant \u00e0 l\u2019esprit le souci de ne rien demander de plus aux familles).<\/li>\n<\/ul>\n<p>&nbsp;<\/p>\n<ul>\n<li>Les classes de Lucquy participeront au Festival Mondial des Marionnettes (r\u00e9servation d\u2019un spectacle en septembre au Th\u00e9\u00e2tre Louis Jouvet de Rethel).<\/li>\n<\/ul>\n<p>&nbsp;<\/p>\n<ul>\n<li>Mme Mallet informe le Conseil d\u2019Ecole que le renouvellement du photocopieur est en cours d\u2019\u00e9tude et devrait \u00eatre r\u00e9alis\u00e9 tr\u00e8s prochainement.<\/li>\n<\/ul>\n<p>&nbsp;<\/p>\n<p>&nbsp;<\/p>\n<p><strong><u>Demandes et informations sp\u00e9cifiques aux \u00e9coles de Coucy 1 et 2\u00a0:<\/u><\/strong><\/p>\n<ul>\n<li>La s\u00e9curisation des sites (par mise en place de visiophone et de possibilit\u00e9 d\u2019ouverture \u00e0 distance) sera effectu\u00e9e au cours des vacances scolaires d\u2019\u00e9t\u00e9.<\/li>\n<\/ul>\n<p>&nbsp;<\/p>\n<ul>\n<li>Pour l\u2019\u00e9cole de COUCY 1\u00a0:\n<ul>\n<li>la r\u00e9fection du toit du pr\u00e9au est programm\u00e9e pour les prochaines vacances.<\/li>\n<li>Le projet \u00ab\u00a0Jardinage\u00a0\u00bb est reconduit pour l\u2019ann\u00e9e 2019-2020. En effet, si un parent d\u2019\u00e9l\u00e8ve, M. Leplat, avait permis de le mettre en place pour partie par le don de carr\u00e9s potager \u00e0 hauteur d\u2019enfant, le mat\u00e9riel demand\u00e9 \u00e0 la CCPR n\u2019ayant pas \u00e9t\u00e9 fourni, il n\u2019a pas \u00e9t\u00e9 possible de le mener \u00e0 bien dans son ensemble. A cette occasion, un partenariat avec la Ferme P\u00e9dagogique de Liart est \u00e0 l\u2019\u00e9tude (2 actions seraient men\u00e9es sur le site de l\u2019\u00e9cole ainsi qu\u2019une visite de la Ferme).<\/li>\n<\/ul>\n<\/li>\n<\/ul>\n<p>&nbsp;<\/p>\n<ul>\n<li>Pour l\u2019\u00e9cole de COUCY 2\u00a0:\n<ul>\n<li>La livebox a \u00e9t\u00e9 remplac\u00e9e.<\/li>\n<li>Un couvreur devrait intervenir durant les prochains cong\u00e9s scolaires.<\/li>\n<li>Mme Barbieux signale \u00e0 nouveau les probl\u00e8mes de rev\u00eatement de la cour d\u2019\u00e9cole (les nombreux trous sont dommageables \u00e0 la s\u00e9curit\u00e9 des enfants).<\/li>\n<li>La peinture de la partie \u00ab\u00a0cuisine\u00a0\u00bb et des sanitaires m\u00e9riterait un rafra\u00eechissement.<\/li>\n<li>L\u2019amoncellement de branchages dans la cour n\u2019a pas \u00e9t\u00e9 r\u00e9solu.<\/li>\n<\/ul>\n<\/li>\n<\/ul>\n<p>&nbsp;<\/p>\n<ul>\n<li>Les \u00e9coles de COUCY 1 et 2 n\u2019ont pas constat\u00e9 que le passage du personnel d\u00e9di\u00e9 \u00e0 l\u2019entretien des sites (programm\u00e9 chaque mercredi) ait \u00e9t\u00e9 effectif.<\/li>\n<\/ul>\n<p>&nbsp;<\/p>\n<ul>\n<li>Les \u00e9coles participeront au Festival Mondial des Marionnettes\u00a0: un spectacle aura lieu sur place fin septembre.<\/li>\n<\/ul>\n","protected":false},"excerpt":{"rendered":"<p>Voici le compte rendu du Conseil d&rsquo;Ecole du 25 juin.<\/p>\n","protected":false},"author":1,"featured_media":0,"comment_status":"open","ping_status":"open","sticky":false,"template":"","format":"standard","meta":{"ngg_post_thumbnail":0,"footnotes":""},"categories":[16,12],"tags":[],"_links":{"self":[{"href":"https:\/\/sitetab3.ac-reims.fr\/ec-lucquy\/-wp-\/wp-json\/wp\/v2\/posts\/6996"}],"collection":[{"href":"https:\/\/sitetab3.ac-reims.fr\/ec-lucquy\/-wp-\/wp-json\/wp\/v2\/posts"}],"about":[{"href":"https:\/\/sitetab3.ac-reims.fr\/ec-lucquy\/-wp-\/wp-json\/wp\/v2\/types\/post"}],"author":[{"embeddable":true,"href":"https:\/\/sitetab3.ac-reims.fr\/ec-lucquy\/-wp-\/wp-json\/wp\/v2\/users\/1"}],"replies":[{"embeddable":true,"href":"https:\/\/sitetab3.ac-reims.fr\/ec-lucquy\/-wp-\/wp-json\/wp\/v2\/comments?post=6996"}],"version-history":[{"count":1,"href":"https:\/\/sitetab3.ac-reims.fr\/ec-lucquy\/-wp-\/wp-json\/wp\/v2\/posts\/6996\/revisions"}],"predecessor-version":[{"id":6997,"href":"https:\/\/sitetab3.ac-reims.fr\/ec-lucquy\/-wp-\/wp-json\/wp\/v2\/posts\/6996\/revisions\/6997"}],"wp:attachment":[{"href":"https:\/\/sitetab3.ac-reims.fr\/ec-lucquy\/-wp-\/wp-json\/wp\/v2\/media?parent=6996"}],"wp:term":[{"taxonomy":"category","embeddable":true,"href":"https:\/\/sitetab3.ac-reims.fr\/ec-lucquy\/-wp-\/wp-json\/wp\/v2\/categories?post=6996"},{"taxonomy":"post_tag","embeddable":true,"href":"https:\/\/sitetab3.ac-reims.fr\/ec-lucquy\/-wp-\/wp-json\/wp\/v2\/tags?post=6996"}],"curies":[{"name":"wp","href":"https:\/\/api.w.org\/{rel}","templated":true}]}}