{"id":7173,"date":"2019-11-14T13:12:47","date_gmt":"2019-11-14T12:12:47","guid":{"rendered":"http:\/\/sitetab3.ac-reims.fr\/ec-lucquy\/-wp-\/?p=7173"},"modified":"2019-11-14T13:13:19","modified_gmt":"2019-11-14T12:13:19","slug":"conseil-decole-7","status":"publish","type":"post","link":"https:\/\/sitetab3.ac-reims.fr\/ec-lucquy\/-wp-\/conseil-decole-7\/","title":{"rendered":"Conseil d&rsquo;\u00e9cole"},"content":{"rendered":"<p><img loading=\"lazy\" decoding=\"async\" class=\"alignleft \" src=\"http:\/\/usitennis.fr\/wp-content\/uploads\/2019\/09\/dessin_chantiers_table-_petit1-1.jpg\" width=\"135\" height=\"84\" \/>Voici le compte rendu du 1er Conseil d&rsquo;\u00e9cole de l&rsquo;ann\u00e9e scolaire 2019-2020.<!--more--><\/p>\n<p style=\"text-align: center;\"><strong><u>Regroupement P\u00e9dagogique Coucy-Lucquy<\/u><\/strong><\/p>\n<p style=\"text-align: center;\"><strong>\u00a0<\/strong><\/p>\n<p style=\"text-align: center;\"><strong><u>Conseil d\u2019\u00e9cole<\/u><\/strong><\/p>\n<p style=\"text-align: center;\"><strong>*<\/strong><\/p>\n<p style=\"text-align: center;\"><strong>Date\u00a0: 17 octobre 2019<\/strong><\/p>\n<p><strong><u>Pr\u00e9sents\u00a0:<\/u><\/strong><\/p>\n<p><u>Enseignantes<\/u>\u00a0:<\/p>\n<p>Mmes Barbieux, Morel, Bouillard, Schmit, Demay.<\/p>\n<p><u>Elus, membres de droit<\/u>\u00a0:<\/p>\n<p>Pour la mairie de Lucquy\u00a0: M. Haution<\/p>\n<p>Pour la Communaut\u00e9 de Communes du Pays reth\u00e9lois\u00a0: M. Bonnevie<\/p>\n<p><u>Elus, invit\u00e9s<\/u>\u00a0:<\/p>\n<p>Pour la mairie d\u2019Auboncourt-Vauzelles : M. Carier<\/p>\n<p>Pour la mairie de Coucy : M. Bonnevie<\/p>\n<p><u>Repr\u00e9sentants des Parents d\u2019\u00e9l\u00e8ves<\/u>\u00a0(titulaires et suppl\u00e9ants):<\/p>\n<p>Pour l\u2019\u00e9cole de Coucy 1\u00a0:Mme Faucon, Mme Lucas.<\/p>\n<p>Pour l\u2019\u00e9cole de Coucy 2\u00a0: Mme Paubon<\/p>\n<p>Pour l\u2019\u00e9cole de Lucquy\u00a0: M. \u00a0Bertin,M. Bonnevie.<\/p>\n<p><u>RASED<\/u>\u00a0:<\/p>\n<p>Mme Locatelli, psychologue scolaire<\/p>\n<p><u>DDEN\u00a0(D\u00e9l\u00e9gu\u00e9\u00a0D\u00e9partemental de l\u2019Education Nationale)<\/u>: M. Gilbert Richard<\/p>\n<p><u>Absents excus\u00e9s\u00a0: <\/u><\/p>\n<p>Mme Pierrot, Inspectrice de l\u2019Education Nationale de la Circonscription de Rethel<\/p>\n<p>M. Monceau, maire de Faux<\/p>\n<p>M. Fromentin (pr\u00e9sident de l\u2019association Familles Rurales en charge du service p\u00e9riscolaire)<\/p>\n<p>&nbsp;<\/p>\n<p><strong><u>A l\u2019ordre du jour\u00a0:<\/u><\/strong><\/p>\n<p><strong>Les r\u00e9sultats des \u00e9lections des Repr\u00e9sentants des Parents d\u2019El\u00e8ves. <\/strong><\/p>\n<p><strong>Vote\/r\u00e9union des conseils d\u2019\u00e9coles.<\/strong><\/p>\n<p><strong>Les effectifs et les r\u00e9partitions des \u00e9l\u00e8ves au sein du Regroupement.<\/strong><\/p>\n<p><strong>Le vote du r\u00e8glement int\u00e9rieur des \u00e9coles du regroupement.<\/strong><\/p>\n<p><strong>Le Plan Particulier de Mise en S\u00fbret\u00e9 (PPMS).<\/strong><\/p>\n<p><strong>Les Activit\u00e9s P\u00e9dagogiques Compl\u00e9mentaires (APC)<\/strong><\/p>\n<p><strong>Le Plan de lutte contre le harc\u00e8lement.<\/strong><\/p>\n<p><strong>Les activit\u00e9s du Regroupement.<\/strong><\/p>\n<p><strong>Des questions diverses.<\/strong><\/p>\n<p><strong>\u00a0<\/strong><\/p>\n<ul>\n<li><u>Les Conseils des \u00e9coles se tiennent \u00e0 la suite de l\u2019\u00e9lection des Repr\u00e9sentants de Parents d\u2019\u00e9l\u00e8ves\u00a0: <\/u><\/li>\n<\/ul>\n<p>&nbsp;<\/p>\n<p><strong><u>R\u00e9sultats des \u00e9lections<\/u><\/strong> des Repr\u00e9sentants des Parents d\u2019El\u00e8ves\u00a0:<\/p>\n<p>Taux de participation\u00a0des familles :<\/p>\n<p>Lucquy\u00a0:\u00a0 92,7 %\u00a0\u00a0\u00a0\u00a0\u00a0 Coucy 1\u00a0: 63\u00a0\u00a0 %\u00a0\u00a0\u00a0\u00a0\u00a0\u00a0\u00a0\u00a0\u00a0\u00a0 \u00a0\u00a0\u00a0 Coucy 2\u00a0: 59 %<\/p>\n<p>Cette ann\u00e9e, une nouvelle disposition pr\u00e9voit que le Directeur d\u2019\u00e9cole peut, apr\u00e8s CONSULTATION du CE, d\u00e9cider d\u2019organiser le vote exclusivement par correspondance. Aucun membre des conseils d\u2019\u00e9cole ne s\u2019oppose \u00e0 cette disposition.<\/p>\n<p>Mme Barbieux, Mme Bouillard et Mme Demay, directrices des \u00e9coles, d\u00e9cident donc, apr\u00e8s consultation des membres de leur CE, l\u2019application de cette nouvelle disposition pour la prochaine ann\u00e9e scolaire.<\/p>\n<p><strong><u>R\u00e9union des 3 Conseils des \u00e9coles en 1 seul<\/u><\/strong><strong>\u00a0: <\/strong><\/p>\n<p><em>Pour l&rsquo;application des articles <\/em><a href=\"http:\/\/www.legifrance.gouv.fr\/affichCodeArticle.do?cidTexte=LEGITEXT000006071191&amp;idArticle=LEGIARTI000018377380&amp;dateTexte=&amp;categorieLien=cid\"><em>D. 411-1<\/em><\/a><em> et D. 411-2, des conseils d&rsquo;\u00e9cole peuvent d\u00e9cider de se regrouper en un seul conseil pour la dur\u00e9e de l&rsquo;ann\u00e9e scolaire apr\u00e8s d\u00e9lib\u00e9ration prise \u00e0 la majorit\u00e9 des membres de chaque conseil, sauf opposition motiv\u00e9e du directeur acad\u00e9mique des services de l&rsquo;\u00e9ducation nationale agissant sur d\u00e9l\u00e9gation du recteur d&rsquo;acad\u00e9mie. <\/em><\/p>\n<p><em>Tous les membres des conseils des \u00e9coles d&rsquo;origine sont membres du conseil ainsi constitu\u00e9, qui est pr\u00e9sid\u00e9 par l&rsquo;un des directeurs d&rsquo;\u00e9cole d\u00e9sign\u00e9 par le directeur acad\u00e9mique des services de l&rsquo;\u00e9ducation nationale agissant sur d\u00e9l\u00e9gation du recteur d&rsquo;acad\u00e9mie, apr\u00e8s avis de la commission administrative paritaire d\u00e9partementale unique des instituteurs et professeurs des \u00e9coles.<\/em><\/p>\n<p><strong>Vote des Conseils des \u00e9coles de Lucquy, de Coucy 1, de Coucy 2 concernant le regroupement des 3 conseils d\u2019\u00e9cole<\/strong>\u00a0:<\/p>\n<table width=\"719\">\n<tbody>\n<tr>\n<td width=\"180\"><u>\u00a0<\/u><\/td>\n<td width=\"180\"><u>Pour<\/u><\/td>\n<td width=\"180\"><u>Contre<\/u><\/td>\n<td width=\"180\"><u>Abstention<\/u><\/td>\n<\/tr>\n<tr>\n<td width=\"180\"><u>Coucy 1 (sur 7 pr\u00e9sents)<\/u><\/td>\n<td width=\"180\">\n<p style=\"text-align: center;\">7<\/p>\n<\/td>\n<td style=\"text-align: center;\" width=\"180\">0<\/td>\n<td width=\"180\">\n<p style=\"text-align: center;\">0<\/p>\n<\/td>\n<\/tr>\n<tr>\n<td width=\"180\"><u>Coucy 2 (sur 4 pr\u00e9sents)<\/u><\/td>\n<td width=\"180\">\n<p style=\"text-align: center;\">4<\/p>\n<\/td>\n<td style=\"text-align: center;\" width=\"180\">0<\/td>\n<td width=\"180\">\n<p style=\"text-align: center;\">0<\/p>\n<\/td>\n<\/tr>\n<tr>\n<td width=\"180\"><u>Lucquy (sur 6 pr\u00e9sents)<\/u><\/td>\n<td width=\"180\">\n<p style=\"text-align: center;\">6<\/p>\n<\/td>\n<td width=\"180\">\n<p style=\"text-align: center;\">0<\/p>\n<\/td>\n<td width=\"180\">\n<p style=\"text-align: center;\">0<\/p>\n<\/td>\n<\/tr>\n<\/tbody>\n<\/table>\n<p>&nbsp;<\/p>\n<p>Remarque\u00a0: l\u2019\u00e9cole de Lucquy ne dispose toujours pas de DDEN \u00e0 ce jour.<\/p>\n<p>&nbsp;<\/p>\n<p>2-<strong><u> Effectifs et r\u00e9partition des \u00e9l\u00e8ves pour l\u2019ann\u00e9e scolaire:<\/u><\/strong><\/p>\n<p><strong><u>\u00a0<\/u><\/strong><\/p>\n<table width=\"632\">\n<tbody>\n<tr>\n<td width=\"79\">&nbsp;<\/p>\n<p>PS<\/td>\n<td width=\"79\">&nbsp;<\/p>\n<p>MS<\/td>\n<td width=\"79\">&nbsp;<\/p>\n<p>GS<\/td>\n<td width=\"79\">&nbsp;<\/p>\n<p>CP<\/td>\n<td width=\"79\">&nbsp;<\/p>\n<p>CE1<\/td>\n<td width=\"79\">&nbsp;<\/p>\n<p>CE2<\/td>\n<td width=\"79\">&nbsp;<\/p>\n<p>CM1<\/td>\n<td width=\"79\">&nbsp;<\/p>\n<p>CM2<\/td>\n<\/tr>\n<tr>\n<td width=\"79\">14<\/td>\n<td width=\"79\">15<\/td>\n<td width=\"79\">15<\/td>\n<td width=\"79\">11<\/td>\n<td width=\"79\">20<\/td>\n<td width=\"79\">13<\/td>\n<td width=\"79\">18<\/td>\n<td width=\"79\">18<\/td>\n<\/tr>\n<\/tbody>\n<\/table>\n<p>&nbsp;<\/p>\n<p>&nbsp;<\/p>\n<p>&nbsp;<\/p>\n<table width=\"725\">\n<tbody>\n<tr>\n<td width=\"118\">Ecole<\/td>\n<td width=\"127\">Coucy 2<\/td>\n<td colspan=\"2\" width=\"242\">Coucy 1<\/td>\n<td colspan=\"2\" width=\"239\">Lucquy<\/td>\n<\/tr>\n<tr>\n<td width=\"118\">Enseignante<\/td>\n<td width=\"127\">Mme Barbieux<\/td>\n<td width=\"117\">Mme Morel<\/td>\n<td width=\"124\">Mme Bouillard<\/td>\n<td width=\"119\">Mme Schmit<\/td>\n<td width=\"120\">Mme Demay<\/td>\n<\/tr>\n<tr>\n<td width=\"118\">Niveaux<\/td>\n<td width=\"127\">PS + MS<\/td>\n<td width=\"117\">GS + CP<\/td>\n<td width=\"124\">CP + CE1<\/td>\n<td width=\"119\">CE2 + CM1<\/td>\n<td width=\"120\">CM1 + CM2<\/td>\n<\/tr>\n<tr>\n<td width=\"118\">Effectifs<\/td>\n<td width=\"127\">14+ 15<\/td>\n<td width=\"117\">15 + 7<\/td>\n<td width=\"124\">4 +20<\/td>\n<td width=\"119\">13 + 11<\/td>\n<td width=\"120\">7 + 18<\/td>\n<\/tr>\n<tr>\n<td width=\"118\">Total<\/td>\n<td width=\"127\">29<\/td>\n<td width=\"117\">22<\/td>\n<td width=\"124\">24<\/td>\n<td width=\"119\">24<\/td>\n<td width=\"120\">25<\/td>\n<\/tr>\n<\/tbody>\n<\/table>\n<p>&nbsp;<\/p>\n<p><strong>Total\u00a0: 124 (moyenne\u00a0: 24,8 \u00e9l\u00e8ves par classe).\u00a0La baisse d\u2019effectif pr\u00e9vue et qui avait amen\u00e9 la fermeture d\u2019une classe ne s\u2019est pas r\u00e9alis\u00e9e, l\u2019effectif global est stable <\/strong>; remarque\u00a0: les ouvertures de classe qui ont \u00e9t\u00e9 r\u00e9alis\u00e9es \u00e0 Novy-Chevri\u00e8res et Saulces-Monclin, en septembre, concernaient des \u00e9coles \u00e0 27 et 28 \u00e9l\u00e8ves de moyenne par classe.<\/p>\n<p><strong><u>3-Le r\u00e8glement int\u00e9rieur (r\u00e8glement type d\u00e9partemental)<\/u><\/strong><strong>\u00a0\u00a0\u00a0\u00a0\u00a0\u00a0\u00a0\u00a0\u00a0\u00a0 <\/strong><\/p>\n<p>Le r\u00e8glement applicable dans les 3 \u00e9coles est le \u00ab\u00a0R\u00e8glement \u2013type d\u00e9partemental\u00a0\u00bb consultable sur le site de la Direction des Services de l\u2019Education Nationale des Ardennes. Un extrait est \u00e9galement remis \u00e0 chaque famille entrant dans le Regroupement.<\/p>\n<p>Les enseignantes soumettent au vote de chaque conseil l\u2019adoption d\u2019une annexe concernant les tenues, objets\u2026 port\u00e9s \u00e0 l\u2019\u00e9cole.<\/p>\n<p>&nbsp;<\/p>\n<p><strong>Annexe au R\u00e8glement des \u00e9coles du RPD COUCY-LUCQUY\u00a0:<\/strong><\/p>\n<p><strong><u>Chapitre \u00ab\u00a0Vie scolaire et surveillance\u00a0\u00bb <\/u><\/strong><\/p>\n<p>&nbsp;<\/p>\n<ul>\n<li>Une tenue correcte est souhait\u00e9e : l\u2019habillement, les accessoires, les coiffures (formes et couleurs)\u00ab\u00a0excentriques\u00a0\u00bb sont \u00e0 \u00e9viter, de m\u00eame tout accessoire ou tenue remettant en cause la s\u00e9curit\u00e9 de l\u2019enfant (chaussures non attach\u00e9es, bijoux trop longs\u2026).<\/li>\n<\/ul>\n<p>En cas de non-respect de cette disposition, le directeur sera amen\u00e9 \u00e0 contacter la famille concern\u00e9e afin de signaler ce manquement au r\u00e8glement.<\/p>\n<p>&nbsp;<\/p>\n<ul>\n<li>Sont prohib\u00e9s \u00e0 l\u2019\u00e9cole tous les objets pr\u00e9sentant de par leur nature un caract\u00e8re dangereux (tels couteau, cutter\u2026).<\/li>\n<\/ul>\n<p>&nbsp;<\/p>\n<ul>\n<li>Sont aussi prohib\u00e9s en m\u00eame temps que les t\u00e9l\u00e9phones portables, les lecteurs de musique, les jeux \u00e9lectroniques\u2026ou tout objet \u00e9tant consid\u00e9r\u00e9 par les enseignants comme perturbateur de la scolarit\u00e9.<\/li>\n<\/ul>\n<p>&nbsp;<\/p>\n<ul>\n<li>Les \u00e9coles n\u2019organisent plus de collations au cours de la journ\u00e9e conform\u00e9ment aux derni\u00e8res recommandations \u00e9mises dans \u00ab\u00a0le guide de l\u2019hygi\u00e8ne et de la sant\u00e9 \u00e0 l\u2019\u00e9cole\u00a0\u00bb.<\/li>\n<\/ul>\n<p>Les \u00e9l\u00e8ves, d\u00e8s lors, ne sont autoris\u00e9s \u00e0 apporter \u00e0 l\u2019\u00e9cole que de l\u2019eau.<\/p>\n<p>Les go\u00fbters d\u2019anniversaire, en tant que moment de convivialit\u00e9 et de partage, demeurent autoris\u00e9s (attention, cependant : les g\u00e2teaux \u00ab\u00a0faits maison\u00a0\u00bb ne sont pas autoris\u00e9s, seuls les produits achet\u00e9s aupr\u00e8s des commer\u00e7ants peuvent \u00eatre propos\u00e9s aux enfants), tout comme est autoris\u00e9 le go\u00fbter \u00ab\u00a0classique\u00a0\u00bb avant le d\u00e9but d\u2019une s\u00e9ance d\u2019APC.<\/p>\n<p>&nbsp;<\/p>\n<ul>\n<li><strong>Cette annexe est adopt\u00e9e \u00e0 l\u2019unanimit\u00e9 des 3 Conseils.<\/strong><\/li>\n<\/ul>\n<p>Remarque\u00a0de Mr RICHARD : le principe de respect de la La\u00efcit\u00e9 figure bien dans le r\u00e8glement int\u00e9rieur de l\u2019\u00e9cole (titre 3\u00a0: Vie scolaire et surveillance).<\/p>\n<p><strong><u>4- Les PPMS des \u00e9coles, la s\u00e9curit\u00e9\u00a0:<\/u><\/strong><\/p>\n<ul>\n<li>Des exercices du PPMS sont toujours \u00e0 pratiquer (3 par an) sur des sc\u00e9narios impos\u00e9s par l\u2019administration\u00a0; les familles, mairies et r\u00e9f\u00e9rents gendarmes sont inform\u00e9s au pr\u00e9alable de la tenue et des modalit\u00e9s de ces exercices.<\/li>\n<\/ul>\n<p>Le 1<sup>er<\/sup> exercice s\u2019est d\u00e9roul\u00e9 au cours de cette premi\u00e8re p\u00e9riode.<\/p>\n<p>Lucquy\u00a0: le 7 octobre, certaines cornes de brume fonctionnent moins bien que d\u2019autres.<\/p>\n<p>Coucy 1\u00a0:le 4 octobre, des probl\u00e8mes d\u2019envoi de SMS pour la communication entre les deux classes ont \u00e9t\u00e9 constat\u00e9s (difficult\u00e9 de connexion). Mme Morel note qu\u2019il est difficile de faire r\u00e9aliser le silence pour la classe de GS\/CP.<\/p>\n<p>Coucy 2\u00a0:le 10 octobre, Mme Barbieux souhaite avoir la possibilit\u00e9 de fermer \u00e0 cl\u00e9 la porte des toilettes.<\/p>\n<ul>\n<li>Les 3 \u00e9coles ont \u00e9galement r\u00e9alis\u00e9 leur exercice d\u2019alerte-incendie au cours du mois de septembre.<\/li>\n<\/ul>\n<p>&nbsp;<\/p>\n<p><strong><u>5-Les APC\u00a0:<\/u><\/strong><\/p>\n<p>On note une tr\u00e8s grande adh\u00e9sion des familles dans toutes les \u00e9coles\u00a0: quand des parents expriment un refus, il s\u2019agit de difficult\u00e9s de transport\u00a0; le co-voiturage est parfois mis en place.<\/p>\n<p>&nbsp;<\/p>\n<ul>\n<li>A Lucquy, elles ont d\u00e9sormais lieu de 13h00 \u00e0 13h30 tous les jours, 18 semaines dans l\u2019ann\u00e9e, les parents sont inform\u00e9s du calendrier choisi, ont donn\u00e9 leur accord en d\u00e9but d\u2019ann\u00e9e\u00a0; elles prennent la forme de cr\u00e9ation de \u00ab\u00a0clubs de lecture\u00a0\u00bb environ 2 jours cons\u00e9cutifs par mois pour chaque enfant.<\/li>\n<\/ul>\n<p>Les APC portent sur\u00a0:<\/p>\n<p>La lecture de livres, albums de jeunesse entiers (d\u00e9couverte de la litt\u00e9rature).<\/p>\n<p>Des exercices de lecture-compr\u00e9hension, lecture-d\u00e9chiffrage, lecture \u00e0 voix haute, mise en sc\u00e8ne des dialogues.<\/p>\n<p>La pratique du langage oral (d\u00e9bat sur les th\u00e8mes rencontr\u00e9s au fil des lectures).<\/p>\n<ul>\n<li>A Coucy 2, elles reposent pour l\u2019instant davantage sur la ma\u00eetrise du langage. Pour la classe de Mme Barbieux, on note que les \u00e9l\u00e8ves de Moyenne Section disposent de s\u00e9ances d\u2019une heure.<\/li>\n<li>A Coucy 1, les APC ont lieu les lundis et mardis de 16h30 \u00e0 17h30 pour 26 heures annuelles (10 heures sont consacr\u00e9es \u00e0 la rencontre des familles pour la restitution des r\u00e9sultats des \u00e9l\u00e8ves aux \u00e9valuations nationales au CP et au CE1).<\/li>\n<\/ul>\n<p>&nbsp;<\/p>\n<p>Mme Lucas se dit \u00eatre oblig\u00e9e de mettre sa fille \u00e0 la cantine les jours d\u2019APC car, habitant Faux, il lui est impossible d\u2019avoir assez de temps pour manger.<\/p>\n<p>&nbsp;<\/p>\n<p><strong><u>6-Plan de Lutte contre le Harc\u00e8lement\u00a0: <\/u><\/strong><\/p>\n<p><strong><u>\u00a0<\/u><\/strong><\/p>\n<p>Le plan est \u00ab\u00a0r\u00e9activ\u00e9\u00a0\u00bb aupr\u00e8s des \u00e9l\u00e8ves\u00a0: d\u00e9finition du harc\u00e8lement, explication des proc\u00e9dures \u00e0 suivre en cas de harc\u00e8lement\u2026<\/p>\n<p><strong><u>7-Activit\u00e9s du RPD\u00a0: <\/u><\/strong><\/p>\n<p><strong><u>En commun aux 5 classes\u00a0: <\/u><\/strong><\/p>\n<ul>\n<li>Une Intervention de Mme Verdelet, infirmi\u00e8re scolaire, aupr\u00e8s des familles sur l\u2019usage des \u00e9crans a eu le lieu fin septembre, 17 familles se sont rendues \u00e0 notre invitation\u00a0; une prolongation de l\u2019action aupr\u00e8s des \u00e9l\u00e8ves (parcours sant\u00e9 int\u00e9gr\u00e9 au Projet d\u2019Ecole) est programm\u00e9e.<\/li>\n<\/ul>\n<p>&nbsp;<\/p>\n<ul>\n<li>Un spectacle de No\u00ebl sera offert aux \u00e9l\u00e8ves le jeudi 19 d\u00e9cembre 2019 (spectacle\u00a0: Anita le clown).<\/li>\n<\/ul>\n<p>&nbsp;<\/p>\n<ul>\n<li>Les photos de classe seront prises le 27 mars (avec la reconduction de la formule de l\u2019an dernier\u00a0: les commandes se feront sur site internet avec des possibilit\u00e9s de commander des objets \u00e0 l\u2019effigie de l\u2019enfant\u00a0: calendriers, mugs\u2026 Les familles ne disposant pas d\u2019acc\u00e8s internet pourront les commander aupr\u00e8s des enseignantes). Les r\u00e8glements s\u2019effectueront toujours \u00e0 la commande, aupr\u00e8s des enseignantes qui valideront alors les commandes des familles.<\/li>\n<\/ul>\n<p>&nbsp;<\/p>\n<ul>\n<li>Le Rallye des Enigmes, pr\u00e9vu dans le cadre de notre projet d\u2019\u00e9cole, sera mis en place le 5 juin 2020\u00a0; la r\u00e9servation de la salle des F\u00eates de Lucquy est faite (une r\u00e9union des parents volontaires sera organis\u00e9e la veille \u00e0 16h45 pour expliquer le projet aux nouveaux participants et pour installer le mat\u00e9riel).<\/li>\n<\/ul>\n<p>&nbsp;<\/p>\n<p><strong><u>Pour LUCQUY\u00a0<\/u><\/strong><strong>: Pour alimenter l\u2019Association Scolaire qui finance toutes les activit\u00e9s et toutes les sorties p\u00e9dagogiques des \u00e9l\u00e8ves, seront organis\u00e9es\u00a0: <\/strong><\/p>\n<ul>\n<li>La vente par catalogue \u00ab\u00a0Initiatives Fleurs et Nature\u00a0\u00bb de produits du jardin par internet\u00a0: on constate l\u2019\u00e9chec de l\u2019op\u00e9ration (et donc un retour l\u2019an prochain \u00e0 la formule papier).<\/li>\n<li>La vente de chocolats pour No\u00ebl,<\/li>\n<li>La vente de tickets de tombola \u00ab\u00a0de mardi gras\u00a0\u00bb.<\/li>\n<\/ul>\n<p>&nbsp;<\/p>\n<p><strong><u>Pour COUCY 1et \u00a0COUCY 2\u00a0:<\/u><\/strong><\/p>\n<ul>\n<li>Un projet \u00ab\u00a0Jardinage\u00a0\u00bb, initi\u00e9 l\u2019an dernier, sera r\u00e9alis\u00e9 avec notamment 3 interventions avec 2 animateurs de la Ferme P\u00e9dagogique de LIART (en octobre, en novembre \u00e0 l\u2019\u00e9cole, en mai \u00e0 la Ferme de Liart). Un grand bac de jardinage a \u00e9t\u00e9 r\u00e9alis\u00e9 par la Mairie de Coucy qui le laisse \u00e0 disposition des enseignantes. Les bacs \u00e0 hauteur d\u2019enfant demand\u00e9s \u00e0 la CCPR dans le projet de 2018 n\u2019ont pas encore \u00e9t\u00e9 fabriqu\u00e9s par leur service technique.<\/li>\n<li>Dans le cadre de la Semaine du Go\u00fbt, le 18 octobre, sera organis\u00e9e une activit\u00e9 relative \u00e0 la \u00ab\u00a0cuisine avec graines et l\u00e9gumes\u00a0\u00bb avec une intervention d\u2019animateurs de la Ferme P\u00e9dagogique de Liart.<\/li>\n<li>Une sortie p\u00e9dagogique au Cirque Educatif de Reims sera programm\u00e9e en janvier 2020 (transport en train envisag\u00e9).<\/li>\n<li>Les classes de Coucy 1 n\u2019organisent pas de march\u00e9 de No\u00ebl cette ann\u00e9e, le projet est \u00e0 l\u2019\u00e9tude concernant la classe de Coucy 2.<\/li>\n<\/ul>\n<p>&nbsp;<\/p>\n<p><strong><u>8-Questions diverses\u00a0: <\/u><\/strong><\/p>\n<p>&nbsp;<\/p>\n<ul>\n<li><strong><u>Les \u00e9valuations nationales<\/u><\/strong> ont \u00e9t\u00e9 mises en place au CP et au CE1 du 7 au 25 septembre\u00a0; les r\u00e9sultats seront \u00e9tudi\u00e9s par le Conseil des Ma\u00eetres, et communiqu\u00e9s aux familles en novembre.<\/li>\n<\/ul>\n<p><strong><u>\u00a0<\/u><\/strong><\/p>\n<ul>\n<li>Les 3 \u00e9coles remercient <strong><u>l\u2019AFR pour la subvention <\/u><\/strong>offerte \u00e0 l\u2019occasion de leur participation aux chants et danses des enfants \u00e0 la kermesse des \u00e9coles de Coucy. Les enseignantes envisagent \u00e0 nouveau la participation de leurs \u00e9l\u00e8ves \u00e0 cet \u00e9v\u00e9nement.<\/li>\n<\/ul>\n<p><strong><u>\u00a0<\/u><\/strong><\/p>\n<ul>\n<li><strong><u>Future cr\u00e9ation du P\u00f4le scolaire<\/u><\/strong>: les enseignantes souhaitent conna\u00eetre l\u2019avanc\u00e9e du projet et en avoir une description pr\u00e9cise.<\/li>\n<\/ul>\n<p>Mr Carier indique que les \u00e9tudes de sol ont \u00e9t\u00e9 faites, 3 architectes ont propos\u00e9 leur projet fin septembre, d\u00e9but octobre. Le choix devrait \u00eatre fait en novembre.<\/p>\n<p>Une ouverture du P\u00f4le est-elle toujours programm\u00e9e pour septembre 2021\u00a0?<\/p>\n<p><strong><u>\u00a0<\/u><\/strong><\/p>\n<p><strong><u>Pour l\u2019\u00e9cole de LUCQUY\u00a0:<\/u><\/strong><\/p>\n<p><strong><u>\u00a0<\/u><\/strong><\/p>\n<ul>\n<li>La demande d\u2019une poubelle ferm\u00e9e identique \u00e0 celle du vestiaire des CE1 est demand\u00e9e sous le pr\u00e9au (devant le local p\u00e9riscolaire).<\/li>\n<li>Le photocopieur pose toujours probl\u00e8me. Il y a des probl\u00e8mes de d\u00e9tection des formats, de bourrages de papier, de liaison du Scanner aux ordinateurs.<\/li>\n<li>Le probl\u00e8me de chauffage est-il r\u00e9gl\u00e9 (la solution de faire baisser tous les radiateurs par Mme Journ\u00e9e est difficilement viable\u00a0: il fait trop froid dans les classes le matin)\u00a0?<\/li>\n<li>Des arbustes ont \u00e9t\u00e9 plant\u00e9s dans un des massifs de l\u2019\u00e9cole\u00a0; Mme Demay souhaite savoir s\u2019il a \u00e9t\u00e9 v\u00e9rifi\u00e9 que les baies rouges qu\u2019ils portent ne sont pas toxiques pour les \u00e9l\u00e8ves (de nombreux \u00e9l\u00e8ves de maternelle, durant le temps p\u00e9riscolaire fr\u00e9quentant cet espace).<\/li>\n<\/ul>\n<p>&nbsp;<\/p>\n<p><strong><u>Pour les \u00e9coles de Coucy 1 et 2\u00a0:<\/u><\/strong><\/p>\n<ul>\n<li>La date du 27 juin est propos\u00e9e pour la tenue de la kermesse (th\u00e8me retenu cette ann\u00e9e\u00a0: le cirque).<\/li>\n<li>Un visiophone a \u00e9t\u00e9 install\u00e9 sur chaque site d\u2019\u00e9cole (Les directrices des 2 \u00e9coles font remarquer qu\u2019ils ne fonctionnent pas continuellement car d\u00e9pendent du r\u00e9seau).<\/li>\n<li>Une poubelle sp\u00e9cifique, pour les branchages, a \u00e9t\u00e9 install\u00e9e \u00e0 l\u2019\u00e9cole de Coucy 2.<\/li>\n<li>Le chauffage dans la classe de Mme Morel semble \u00eatre baiss\u00e9 durant le week-end\u00a0! Qui intervient alors que les r\u00e9glages avaient \u00e9t\u00e9 faits par le chauffagiste mandat\u00e9 par la CCPR\u00a0?<\/li>\n<li>Une intervention d\u2019un technicien sur la \u00ab\u00a0qualit\u00e9 de l\u2019air\u00a0\u00bb a eu lieu sur les 2 sites d\u2019\u00e9cole\u00a0; remarque\u00a0: dans la classe de Mme Bouillard, cet intervenant a fait tomber l\u2019une des grilles de protection sur la table d\u2019un enfant<\/li>\n<li>Probl\u00e9matique pos\u00e9e par la classe de GS\/CP\u00a0:<\/li>\n<\/ul>\n<p>4 \u00e9l\u00e8ves avaient d\u00e9j\u00e0 \u00e9t\u00e9 signal\u00e9s pour des probl\u00e8mes de comportement en moyenne section l\u2019an dernier, toutefois, la situation restait g\u00e9rable du fait que ces \u00e9l\u00e8ves avaient \u00e9t\u00e9 s\u00e9par\u00e9s dans les classes de Coucy 1 et Coucy 2. Cette ann\u00e9e, ces \u00e9l\u00e8ves \u00e9tant regroup\u00e9s au sein de la m\u00eame classe, les probl\u00e8mes surgissent \u00e0 nouveau, et de fa\u00e7on bien plus aigu\u00eb\u00a0! Il s\u2019agit de violences physiques tant envers les enfants qu\u2019envers l\u2019enseignante elle-m\u00eame (un signalement a d\u2019ailleurs \u00e9t\u00e9 fait sur le registre CHSCT).<\/p>\n<p>Le RASED a \u00e9t\u00e9 appel\u00e9 concernant cette situation inqui\u00e9tante.<\/p>\n<p>La disparition compl\u00e8te du poste d\u2019ATSEM est donc particuli\u00e8rement dommageable au vu de la configuration de cette classe de GS\/CP.<\/p>\n<p><strong><u>Prochain Conseil d\u2019Ecole<\/u><\/strong>\u00a0: 6 f\u00e9vrier, 17h30, \u00e0 l\u2019\u00e9cole de LUCQUY.<\/p>\n<table width=\"100%\">\n<tbody>\n<tr>\n<td><\/td>\n<\/tr>\n<\/tbody>\n<\/table>\n","protected":false},"excerpt":{"rendered":"<p>Voici le compte rendu du 1er Conseil d&rsquo;\u00e9cole de l&rsquo;ann\u00e9e scolaire 2019-2020.<\/p>\n","protected":false},"author":1,"featured_media":0,"comment_status":"open","ping_status":"open","sticky":false,"template":"","format":"standard","meta":{"ngg_post_thumbnail":0,"footnotes":""},"categories":[16,12],"tags":[],"_links":{"self":[{"href":"https:\/\/sitetab3.ac-reims.fr\/ec-lucquy\/-wp-\/wp-json\/wp\/v2\/posts\/7173"}],"collection":[{"href":"https:\/\/sitetab3.ac-reims.fr\/ec-lucquy\/-wp-\/wp-json\/wp\/v2\/posts"}],"about":[{"href":"https:\/\/sitetab3.ac-reims.fr\/ec-lucquy\/-wp-\/wp-json\/wp\/v2\/types\/post"}],"author":[{"embeddable":true,"href":"https:\/\/sitetab3.ac-reims.fr\/ec-lucquy\/-wp-\/wp-json\/wp\/v2\/users\/1"}],"replies":[{"embeddable":true,"href":"https:\/\/sitetab3.ac-reims.fr\/ec-lucquy\/-wp-\/wp-json\/wp\/v2\/comments?post=7173"}],"version-history":[{"count":2,"href":"https:\/\/sitetab3.ac-reims.fr\/ec-lucquy\/-wp-\/wp-json\/wp\/v2\/posts\/7173\/revisions"}],"predecessor-version":[{"id":7175,"href":"https:\/\/sitetab3.ac-reims.fr\/ec-lucquy\/-wp-\/wp-json\/wp\/v2\/posts\/7173\/revisions\/7175"}],"wp:attachment":[{"href":"https:\/\/sitetab3.ac-reims.fr\/ec-lucquy\/-wp-\/wp-json\/wp\/v2\/media?parent=7173"}],"wp:term":[{"taxonomy":"category","embeddable":true,"href":"https:\/\/sitetab3.ac-reims.fr\/ec-lucquy\/-wp-\/wp-json\/wp\/v2\/categories?post=7173"},{"taxonomy":"post_tag","embeddable":true,"href":"https:\/\/sitetab3.ac-reims.fr\/ec-lucquy\/-wp-\/wp-json\/wp\/v2\/tags?post=7173"}],"curies":[{"name":"wp","href":"https:\/\/api.w.org\/{rel}","templated":true}]}}