{"id":7376,"date":"2020-02-12T08:21:28","date_gmt":"2020-02-12T07:21:28","guid":{"rendered":"http:\/\/sitetab3.ac-reims.fr\/ec-lucquy\/-wp-\/?p=7376"},"modified":"2020-02-12T08:21:28","modified_gmt":"2020-02-12T07:21:28","slug":"conseil-decole-8","status":"publish","type":"post","link":"https:\/\/sitetab3.ac-reims.fr\/ec-lucquy\/-wp-\/conseil-decole-8\/","title":{"rendered":"Conseil d&rsquo;\u00e9cole"},"content":{"rendered":"<p><img loading=\"lazy\" decoding=\"async\" class=\"alignleft \" src=\"https:\/\/www.ecoleferrydemory.fr\/wp-content\/uploads\/2016\/08\/reunion-1.jpg\" width=\"139\" height=\"104\" \/>Voici le compte rendu du Conseil d&rsquo;\u00e9cole du 6 f\u00e9vrier 2020.<!--more--><\/p>\n<p><strong><u>Pr\u00e9sents\u00a0:<\/u><\/strong><\/p>\n<p><strong><u>\u00a0<\/u><\/strong><\/p>\n<p><u>Enseignantes<\/u>\u00a0:<\/p>\n<p>Mmes Barbieux, Morel, Bouillard, Schmit, Demay.<\/p>\n<p><u>Elus, membres de droit<\/u>\u00a0:<\/p>\n<p>Pour la mairie de Lucquy\u00a0: M. Lamorlette, Mme Pelletier<\/p>\n<p>Pour la Communaut\u00e9 de Communes du Pays reth\u00e9lois\u00a0: M. Aubert, M. Moretti<\/p>\n<p><u>Elus, invit\u00e9s<\/u>\u00a0:<\/p>\n<p>Pour la mairie d\u2019Auboncourt-Vauzelles : Mme Wosnitza<\/p>\n<p>Pour la mairie de Coucy : M. Bonnevie<\/p>\n<p>Pour la mairie de Faux\u00a0: M. Monceau<\/p>\n<p><u>Repr\u00e9sentants des Parents d\u2019\u00e9l\u00e8ves<\/u>\u00a0(titulaires et suppl\u00e9ants):<\/p>\n<p>Pour l\u2019\u00e9cole de Coucy 1\u00a0: \u00a0Mme Faucon, Mme Wosnitza<\/p>\n<p>Pour l\u2019\u00e9cole de Coucy 2\u00a0: Mme Paubon<\/p>\n<p>Pour l\u2019\u00e9cole de Lucquy\u00a0: M. \u00a0Bertin, M. Bonnevie<\/p>\n<p><u>DDEN\u00a0(D\u00e9l\u00e9gu\u00e9\u00a0D\u00e9partemental de l\u2019Education Nationale) pour les \u00e9coles de COUCY\u00a0 <\/u>: M.<u> <\/u>Gilbert Richard<\/p>\n<p><u>Absents excus\u00e9s\u00a0: <\/u><\/p>\n<p>Mme Pierrot, Inspectrice de l\u2019Education Nationale de la Circonscription de Rethel<\/p>\n<p>Mme Locatelli, psychologue scolaire,<\/p>\n<p>M. Fromentin (pr\u00e9sident de l\u2019association Familles Rurales en charge du service p\u00e9riscolaire)<\/p>\n<p>Mme Vadez, Mme Lucas, Repr\u00e9sentantes de Parents d\u2019El\u00e8ves<\/p>\n<p>&nbsp;<\/p>\n<p>&nbsp;<\/p>\n<p>&nbsp;<\/p>\n<p><strong><u>A l\u2019ordre du jour\u00a0:<\/u><\/strong><\/p>\n<p><strong>Les effectifs scolaires pr\u00e9vus pour l\u2019ann\u00e9e scolaire 2020-2021<\/strong><\/p>\n<p><strong>Le futur P\u00f4le Scolaire.<\/strong><\/p>\n<p><strong>Les activit\u00e9s du Regroupement.<\/strong><\/p>\n<p><strong>Des questions diverses.<\/strong><\/p>\n<p><strong>\u00a0<\/strong><\/p>\n<p>&nbsp;<\/p>\n<p>1-<strong><u> Effectifs et r\u00e9partition des \u00e9l\u00e8ves pour l\u2019ann\u00e9e scolaire 2020-2021:<\/u><\/strong><\/p>\n<p><strong><u>\u00a0<\/u><\/strong><\/p>\n<table width=\"632\">\n<tbody>\n<tr>\n<td width=\"79\">&nbsp;<\/p>\n<p>PS<\/td>\n<td width=\"79\">&nbsp;<\/p>\n<p>MS<\/td>\n<td width=\"79\">&nbsp;<\/p>\n<p>GS<\/td>\n<td width=\"79\">&nbsp;<\/p>\n<p>CP<\/td>\n<td width=\"79\">&nbsp;<\/p>\n<p>CE1<\/td>\n<td width=\"79\">&nbsp;<\/p>\n<p>CE2<\/td>\n<td width=\"79\">&nbsp;<\/p>\n<p>CM1<\/td>\n<td width=\"79\">&nbsp;<\/p>\n<p>CM2<\/td>\n<\/tr>\n<tr>\n<td width=\"79\">20<\/td>\n<td width=\"79\">14<\/td>\n<td width=\"79\">14<\/td>\n<td width=\"79\">14<\/td>\n<td width=\"79\">11<\/td>\n<td width=\"79\">19<\/td>\n<td width=\"79\">13<\/td>\n<td width=\"79\">18<\/td>\n<\/tr>\n<\/tbody>\n<\/table>\n<p>&nbsp;<\/p>\n<p>&nbsp;<\/p>\n<p>&nbsp;<\/p>\n<p><strong>Total\u00a0: 123 (moyenne\u00a0: 24.6 \u00e9l\u00e8ves par classe).\u00a0<\/strong><\/p>\n<p><strong>\u00a0<\/strong><\/p>\n<p>Il est \u00e0 noter que des ouvertures de classe qui ont \u00e9t\u00e9 faites en septembre 2019, concernaient des \u00e9coles \u00e0 27 et 28 \u00e9l\u00e8ves de moyenne par classe. Il faudrait donc une hausse cons\u00e9quente de nos effectifs pour esp\u00e9rer une r\u00e9ouverture de classe, et il devrait alors s\u2019agir d\u2019effectifs r\u00e9els constat\u00e9s \u00e0 la rentr\u00e9e de septembre.<\/p>\n<p>&nbsp;<\/p>\n<p><strong><u>2- Cr\u00e9ation du P\u00f4le Scolaire\u00a0: <\/u><\/strong><\/p>\n<p><strong><u>\u00a0<\/u><\/strong><\/p>\n<p>Interrog\u00e9 sur l\u2019avanc\u00e9e du projet, M. Aubert indique n\u2019avoir aucune information \u00e0 donner, M. Lamorlette confirme la pr\u00e9sentation du projet d\u00e9finitif courant f\u00e9vrier et la prochaine tenue d\u2019une r\u00e9union de pr\u00e9sentation de ce projet aux enseignantes.<\/p>\n<p>L\u2019entr\u00e9e dans les nouveaux locaux \u00e9tant toujours maintenue au mois de septembre 2021.<\/p>\n<p>&nbsp;<\/p>\n<p><strong><u>3-Activit\u00e9s du RPD\u00a0: <\/u><\/strong><\/p>\n<p><strong><u>\u00a0<\/u><\/strong><\/p>\n<ul>\n<li>Les photos de classe seront prises le 27 mars (avec la reconduction de la formule de l\u2019an dernier\u00a0: les commandes se feront sur site internet avec des possibilit\u00e9s de commander des objets \u00e0 l\u2019effigie de l\u2019enfant\u00a0: calendriers, mugs\u2026 Les familles ne disposant pas d\u2019acc\u00e8s internet pourront les commander aupr\u00e8s des enseignantes). Les r\u00e8glements s\u2019effectueront toujours \u00e0 la commande, aupr\u00e8s des enseignantes qui valideront alors les commandes des familles.<\/li>\n<\/ul>\n<p>&nbsp;<\/p>\n<ul>\n<li>Le Rallye des Enigmes, pr\u00e9vu dans le cadre de notre projet d\u2019\u00e9cole, sera mis en place le 5 juin 2020\u00a0; la r\u00e9servation de la salle des F\u00eates de Lucquy est faite (une r\u00e9union des parents volontaires sera organis\u00e9e la veille \u00e0 16h45 pour expliquer le projet aux nouveaux participants et pour installer le mat\u00e9riel).<\/li>\n<\/ul>\n<p>&nbsp;<\/p>\n<ul>\n<li>Le \u00ab\u00a0parcours citoyen\u00a0\u00bb pr\u00e9vu au Projet d\u2019Ecole sera mis en place par le biais d\u2019actions engag\u00e9es dans le cadre de la S\u00e9curit\u00e9 Routi\u00e8re\u00a0: aux cycles 1 et 2, il s\u2019agira de mettre l\u2019accent sur la s\u00e9curit\u00e9 des enfants en tant que pi\u00e9tons aux abords de l\u2019\u00e9cole, au cycle 3, l\u2019accent sera mis sur les comp\u00e9tences des \u00e9l\u00e8ves en tant que cyclistes. Les diff\u00e9rentes activit\u00e9s envisag\u00e9es seront mises en place sous r\u00e9serve d\u2019un nombre suffisant de parents accompagnateurs (et pour le cycle 3 de pr\u00eats de bicyclettes qui seront utilis\u00e9es sur le terrain de sport adjacent \u00e0 l\u2019\u00e9cole).<\/li>\n<\/ul>\n<p>&nbsp;<\/p>\n<ul>\n<li>Une rencontre interg\u00e9n\u00e9rationnelle (enfants \u00e0 partir de 6 ans et s\u00e9niors) sera organis\u00e9e par l\u2019association des Cr\u00eates Pr\u00e9-Ardennaises \u00e0 la Salle des F\u00eates de Lucquy le 5 mai 2020 \u00e0 l\u2019occasion d\u2019un spectacle de th\u00e9\u00e2tre sur le th\u00e8me du recyclage des d\u00e9chets.<\/li>\n<\/ul>\n<p>&nbsp;<\/p>\n<ul>\n<li>Les \u00e9l\u00e8ves participeront (fin mars) au Festival des enfants du cin\u00e9ma \u00e0 Rethel.<\/li>\n<\/ul>\n<p>&nbsp;<\/p>\n<p>&nbsp;<\/p>\n<p><strong><u>Pour l\u2019\u00e9cole de LUCQUY\u00a0<\/u><\/strong><strong>: <\/strong><\/p>\n<ul>\n<li>La visite du Mus\u00e9e \u00ab\u00a0Guerre et Paix\u00a0\u00bb de Novion Porcien sur le th\u00e8me de la Guerre 1939-1945 (en lien avec le programme d\u2019histoire) aura lieu le 12 mai.<\/li>\n<li>Dans le cadre de l\u2019Education au D\u00e9veloppement Durable, les \u00e9l\u00e8ves auront l\u2019occasion de confectionner un h\u00f4tel \u00e0 insectes (29 mai).<\/li>\n<\/ul>\n<p>&nbsp;<\/p>\n<p><strong><u>Pour les \u00e9coles de COUCY 1 et COUCY 2\u00a0:<\/u><\/strong><\/p>\n<ul>\n<li>Les projets restent \u00e0 d\u00e9finir et seront communiqu\u00e9s ult\u00e9rieurement aux familles.<\/li>\n<\/ul>\n<p>&nbsp;<\/p>\n<p><strong><u>4-Questions diverses\u00a0: <\/u><\/strong><\/p>\n<p>&nbsp;<\/p>\n<ul>\n<li><strong><u>Les \u00e9valuations nationales<\/u><\/strong> ont \u00e9t\u00e9 mises en place au CP courant janvier\u00a0; les enseignantes d\u00e9plorent que certaines familles restent difficilement joignables, n\u2019honorent pas leur rendez-vous sans m\u00eame prendre la peine de se d\u00e9commander\u00a0!<\/li>\n<\/ul>\n<p><strong><u>\u00a0<\/u><\/strong><\/p>\n<p><strong><u>Pour l\u2019\u00e9cole de LUCQUY\u00a0:<\/u><\/strong><\/p>\n<p><strong><u>\u00a0<\/u><\/strong><\/p>\n<ul>\n<li>La demande d\u2019une poubelle ferm\u00e9e identique \u00e0 celle du vestiaire des CE1 est demand\u00e9e sous le pr\u00e9au (devant le local p\u00e9riscolaire).<\/li>\n<\/ul>\n<p>&nbsp;<\/p>\n<ul>\n<li>Le photocopieur a \u00e9t\u00e9 remplac\u00e9\u00a0: les enseignantes adressent leurs remerciements \u00e0 la commune.<\/li>\n<\/ul>\n<p>&nbsp;<\/p>\n<ul>\n<li>Des arbustes avaient \u00e9t\u00e9 plant\u00e9s lors de la r\u00e9fection d\u2019un massif de la cour d\u2019\u00e9cole ; Mme Demay souhaitait savoir s\u2019il avait \u00e9t\u00e9 v\u00e9rifi\u00e9 que les baies rouges qu\u2019ils portent n\u2019\u00e9taient pas toxiques pour les \u00e9l\u00e8ves (de nombreux \u00e9l\u00e8ves de maternelle, durant le temps p\u00e9riscolaire fr\u00e9quentant cet espace). M. Lamorlette indique que ces arbustes \u00e9taient d\u00e9j\u00e0 pr\u00e9sents dans ce massif (peut-\u00eatre pas en bordure, mais davantage masqu\u00e9s\u00a0?) et ne devraient poser aucun souci.<\/li>\n<\/ul>\n<p>&nbsp;<\/p>\n<ul>\n<li>Les produits de nettoyage n\u2019\u00e9tant pas accessibles aux enseignantes, cela pose quelques probl\u00e8mes lorsque des enfants, en p\u00e9riode d\u2019\u00e9pid\u00e9mies de gastro-ent\u00e9rites, vomissent et qu\u2019il revient aux enseignantes d\u2019assurer un minimum d\u2019hygi\u00e8ne\u00a0et de d\u00e9sinfection (elles apportent leur propre mat\u00e9riel).<\/li>\n<\/ul>\n<p>&nbsp;<\/p>\n<ul>\n<li>Il a \u00e9t\u00e9 constat\u00e9 des probl\u00e8mes de \u00ab\u00a0fuites\u00a0\u00bb d\u2019eau sous le lavabo des sanitaires\u00a0: les enseignantes se sont interrog\u00e9es sur la possibilit\u00e9 d\u2019une d\u00e9gradation volontaire par un \u00e9l\u00e8ve (non-identifi\u00e9) qui serait autoris\u00e9 \u00e0 aller aux toilettes durant le temps de classe. D\u00e9sormais, donc, chaque \u00e9l\u00e8ve demandant cette autorisation, ne peut se rendre aux toilettes qu\u2019en \u00e9tant accompagn\u00e9 d\u2019un autre charg\u00e9 de la \u00ab\u00a0surveillance\u00a0\u00bb (depuis que cette mesure est appliqu\u00e9e, le probl\u00e8me de fuite d\u2019eau ne s\u2019est plus reproduit). Serait-il possible de mettre hors d\u2019atteinte des \u00e9l\u00e8ves les robinets d\u2019arriv\u00e9e d\u2019eau \u00e0 ce lavabo\u00a0?<\/li>\n<\/ul>\n<p>&nbsp;<\/p>\n<p><strong><u>Pour les \u00e9coles de Coucy 1 et 2\u00a0:<\/u><\/strong><\/p>\n<p><strong><u>\u00a0<\/u><\/strong><\/p>\n<ul>\n<li>Le visiophone de l\u2019\u00e9cole de Coucy 1 ne fonctionne pas et le \u00ab\u00a0groom\u00a0\u00bb qui r\u00e9gule l\u2019ouverture de la porte dysfonctionne r\u00e9guli\u00e8rement\u00a0; une r\u00e9paration est indispensable.<\/li>\n<\/ul>\n<p>&nbsp;<\/p>\n<ul>\n<li>L\u2019\u00e9cole de Coucy 2 rencontre \u00e9galement des probl\u00e8mes d\u2019ouverture de la porte principale.<\/li>\n<\/ul>\n<p>&nbsp;<\/p>\n<ul>\n<li>Le projet jardinage initi\u00e9 l\u2019an dernier \u00e0 l\u2019\u00e9cole de COUCY 1 devrait voir son aboutissement cette ann\u00e9e avec des semis au printemps, or, les bacs de plantation dont l\u2019octroi a \u00e9t\u00e9 approuv\u00e9 l\u2019an dernier n\u2019ont toujours pas \u00e9t\u00e9 fournis \u00e0 l\u2019\u00e9cole\u00a0! M. Moretti indique qu\u2019ils sont en cours de r\u00e9alisation.<\/li>\n<\/ul>\n<p>&nbsp;<\/p>\n<ul>\n<li>Mme Bouillard fait noter \u00e0 la CCPR que le non-remplacement du personnel d\u00e9volu au service du nettoyage est tr\u00e8s dommageable \u00e0 l\u2019\u00e9cole, notamment en p\u00e9riode hivernale o\u00f9 les \u00e9pid\u00e9mies diverses et vari\u00e9es sont nombreuses\u00a0: 2 jours cons\u00e9cutifs (lundi 3 et mardi 4 f\u00e9vrier) aucun m\u00e9nage n\u2019a \u00e9t\u00e9 fait, pas m\u00eame celui des sanitaires. Mme Bouillard souhaite que soit pr\u00e9vu, en pareil cas, un personnel de remplacement, pour qu\u2019un service minimum soit appliqu\u00e9.<\/li>\n<\/ul>\n<p>&nbsp;<\/p>\n<ul>\n<li>Mme Barbieux fait \u00e9galement remarquer que lorsque du personnel de la CCPR doit intervenir dans l\u2019\u00e9cole durant le temps scolaire, il est n\u00e9cessaire d\u2019en informer la directrice au pr\u00e9alable et de prendre notamment toute pr\u00e9caution n\u00e9cessaire pour ne pas salir les locaux qui viennent d\u2019\u00eatre nettoy\u00e9s.<\/li>\n<\/ul>\n<p>&nbsp;<\/p>\n<p>&nbsp;<\/p>\n<ul>\n<li>Mme Faucon fait \u00e9tat d\u2019une p\u00e9tition, en novembre dernier, sign\u00e9e par des parents d\u2019\u00e9l\u00e8ves de la classe de Mme Morel et adress\u00e9e \u00e0 la CCPR concernant une demande de nomination d\u2019ATSEM pour la classe de GS\/CP. Elle demande aux services de la CCPR quelle r\u00e9ponse sera apport\u00e9e \u00e0 cette demande.<\/li>\n<\/ul>\n<p>&nbsp;<\/p>\n<p>En effet, les parents, par ce biais, ont voulu souligner les difficult\u00e9s pos\u00e9es par quelques \u00e9l\u00e8ves dont le comportement agressif \u00e9tait tr\u00e8s perturbateur de la classe, pensant notamment qu\u2019un adulte venant en renfort de l\u2019enseignante en charge de la classe pourrait apporter une solution imm\u00e9diate au probl\u00e8me.<\/p>\n<p>Mme Faucon indique que certains parents parlent m\u00eame de retirer leur enfant du RPD \u00e0 l\u2019avenir.<\/p>\n<p>&nbsp;<\/p>\n<p>Mme Bouillard souligne que les enfants mis en cause sont le fait d\u2019un petit nombre, signal\u00e9s depuis leur entr\u00e9e en Petite Section, que ce sont toujours les m\u00eames (mais s\u00e9par\u00e9s en moyenne section et r\u00e9unis cette ann\u00e9e en grande section), qu\u2019ils sont r\u00e9guli\u00e8rement rappel\u00e9s \u00e0 l\u2019ordre, sanctionn\u00e9s au besoin, qu\u2019ils font l\u2019objet d\u2019une surveillance \u00e9troite pour canaliser ces d\u00e9bordements, qu\u2019ils sont individuellement mis \u00e0 l\u2019\u00e9cart dans l\u2019autre classe lorsqu\u2019il n\u2019y a pas d\u2019autre solution pour ramener de la s\u00e9r\u00e9nit\u00e9 et du calme \u00e0 la classe de GS\/CP.<\/p>\n<p>&nbsp;<\/p>\n<p>Elle indique \u00e9galement que les parents de ces \u00e9l\u00e8ves perturbateurs ont \u00e9t\u00e9 contact\u00e9s \u00e0 de nombreuses reprises, que les probl\u00e8mes ont \u00e9t\u00e9 \u00e9voqu\u00e9s, que certains sont plus conscients que d\u2019autres de la gravit\u00e9 de la situation, certains la reconnaissant et d\u2019autres non, mais malgr\u00e9 ces rencontres, tr\u00e8s r\u00e9guli\u00e8res, aucun r\u00e9el progr\u00e8s n\u2019est constat\u00e9 dans le comportement de ces enfants.<\/p>\n<p>Il est d\u2019ailleurs \u00e0 noter que ces probl\u00e8mes comportementaux ne se limitent pas \u00e0 l\u2019\u00e9cole\u00a0: ils se retrouvent tout autant \u00e0 l\u2019accueil p\u00e9riscolaire, \u00e0 la cantine, durant le transport scolaire.<\/p>\n<p>&nbsp;<\/p>\n<p>Un signalement a m\u00eame \u00e9t\u00e9 fait au Registre Sant\u00e9 et S\u00e9curit\u00e9 au Travail en octobre dernier, l\u2019un de ces enfants ayant port\u00e9 des coups \u00e0 son enseignante\u00a0!<\/p>\n<p>&nbsp;<\/p>\n<p>Mme Morel fait remarquer tout de m\u00eame que l\u2019intervention du RASED (1 fois par semaine) et l\u2019int\u00e9gration de la classe dans le dispositif 100% de r\u00e9ussite au CP (2 fois par semaine) ont permis de disposer de temps en temps d\u2019un ma\u00eetre suppl\u00e9mentaire dans la classe et que cela a effectivement eu un impact tr\u00e8s positif sur le travail de classe.<\/p>\n<p><strong><u>\u00a0<\/u><\/strong><\/p>\n<p><strong><u>Prochain Conseil d\u2019Ecole<\/u><\/strong>\u00a0: 18 juin, 17h30, \u00e0 l\u2019\u00e9cole de LUCQUY.<\/p>\n","protected":false},"excerpt":{"rendered":"<p>Voici le compte rendu du Conseil d&rsquo;\u00e9cole du 6 f\u00e9vrier 2020.<\/p>\n","protected":false},"author":1,"featured_media":0,"comment_status":"open","ping_status":"open","sticky":false,"template":"","format":"standard","meta":{"ngg_post_thumbnail":0,"footnotes":""},"categories":[12],"tags":[],"_links":{"self":[{"href":"https:\/\/sitetab3.ac-reims.fr\/ec-lucquy\/-wp-\/wp-json\/wp\/v2\/posts\/7376"}],"collection":[{"href":"https:\/\/sitetab3.ac-reims.fr\/ec-lucquy\/-wp-\/wp-json\/wp\/v2\/posts"}],"about":[{"href":"https:\/\/sitetab3.ac-reims.fr\/ec-lucquy\/-wp-\/wp-json\/wp\/v2\/types\/post"}],"author":[{"embeddable":true,"href":"https:\/\/sitetab3.ac-reims.fr\/ec-lucquy\/-wp-\/wp-json\/wp\/v2\/users\/1"}],"replies":[{"embeddable":true,"href":"https:\/\/sitetab3.ac-reims.fr\/ec-lucquy\/-wp-\/wp-json\/wp\/v2\/comments?post=7376"}],"version-history":[{"count":1,"href":"https:\/\/sitetab3.ac-reims.fr\/ec-lucquy\/-wp-\/wp-json\/wp\/v2\/posts\/7376\/revisions"}],"predecessor-version":[{"id":7377,"href":"https:\/\/sitetab3.ac-reims.fr\/ec-lucquy\/-wp-\/wp-json\/wp\/v2\/posts\/7376\/revisions\/7377"}],"wp:attachment":[{"href":"https:\/\/sitetab3.ac-reims.fr\/ec-lucquy\/-wp-\/wp-json\/wp\/v2\/media?parent=7376"}],"wp:term":[{"taxonomy":"category","embeddable":true,"href":"https:\/\/sitetab3.ac-reims.fr\/ec-lucquy\/-wp-\/wp-json\/wp\/v2\/categories?post=7376"},{"taxonomy":"post_tag","embeddable":true,"href":"https:\/\/sitetab3.ac-reims.fr\/ec-lucquy\/-wp-\/wp-json\/wp\/v2\/tags?post=7376"}],"curies":[{"name":"wp","href":"https:\/\/api.w.org\/{rel}","templated":true}]}}