{"id":1007,"date":"2023-09-07T22:52:00","date_gmt":"2023-09-07T20:52:00","guid":{"rendered":"https:\/\/sitetab3.ac-reims.fr\/ec-sault\/-wp-\/?p=1007"},"modified":"2023-09-07T23:32:35","modified_gmt":"2023-09-07T21:32:35","slug":"les-changements-de-la-rentree","status":"publish","type":"post","link":"https:\/\/sitetab3.ac-reims.fr\/ec-sault\/-wp-\/les-changements-de-la-rentree\/","title":{"rendered":"Les changements de la rentr\u00e9e"},"content":{"rendered":"\n<p>Chers parents,<\/p>\n\n\n\n<p>Conform\u00e9ment \u00e0 la demande du Minist\u00e8re de l&rsquo;Education Nationale et de la Jeunesse, nous mettons \u00e0 votre disposition un document permettant de prendre connaissance des mesures et dispositifs nationaux qui entrent en vigueur \u00e0 partir de la rentr\u00e9e.<\/p>\n\n\n\n<p><\/p>\n\n\n\n<div data-wp-interactive=\"core\/file\" class=\"wp-block-file\"><object data-wp-bind--hidden=\"!state.hasPdfPreview\"  class=\"wp-block-file__embed\" data=\"https:\/\/sitetab3.ac-reims.fr\/ec-sault\/-wp-\/wp-content\/uploads\/2023\/09\/flyer-rentr-e-2023-cole-l-mentaire-ce-qui-change-pour-votre-enfant-157383.pdf\" type=\"application\/pdf\" style=\"width:100%;height:600px\" aria-label=\"Contenu embarqu\u00e9 Contenu embarqu\u00e9 flyer-rentr-e-2023-cole-l-mentaire-ce-qui-change-pour-votre-enfant-157383..\"><\/object><a href=\"https:\/\/sitetab3.ac-reims.fr\/ec-sault\/-wp-\/wp-content\/uploads\/2023\/09\/flyer-rentr-e-2023-cole-l-mentaire-ce-qui-change-pour-votre-enfant-157383.pdf\">flyer-rentr-e-2023-cole-l-mentaire-ce-qui-change-pour-votre-enfant-157383<\/a><a href=\"https:\/\/sitetab3.ac-reims.fr\/ec-sault\/-wp-\/wp-content\/uploads\/2023\/09\/flyer-rentr-e-2023-cole-l-mentaire-ce-qui-change-pour-votre-enfant-157383.pdf\" class=\"wp-block-file__button\" download>T\u00e9l\u00e9charger<\/a><\/div>\n","protected":false},"excerpt":{"rendered":"<p>Chers parents, Conform\u00e9ment \u00e0 la demande du Minist\u00e8re de l&rsquo;Education Nationale et de la Jeunesse, nous mettons \u00e0 votre disposition un document permettant de prendre connaissance des mesures et dispositifs nationaux qui entrent en vigueur \u00e0 partir de la rentr\u00e9e.<\/p>\n","protected":false},"author":1,"featured_media":0,"comment_status":"open","ping_status":"open","sticky":true,"template":"","format":"standard","meta":{"ngg_post_thumbnail":0,"footnotes":""},"categories":[1],"tags":[],"_links":{"self":[{"href":"https:\/\/sitetab3.ac-reims.fr\/ec-sault\/-wp-\/wp-json\/wp\/v2\/posts\/1007"}],"collection":[{"href":"https:\/\/sitetab3.ac-reims.fr\/ec-sault\/-wp-\/wp-json\/wp\/v2\/posts"}],"about":[{"href":"https:\/\/sitetab3.ac-reims.fr\/ec-sault\/-wp-\/wp-json\/wp\/v2\/types\/post"}],"author":[{"embeddable":true,"href":"https:\/\/sitetab3.ac-reims.fr\/ec-sault\/-wp-\/wp-json\/wp\/v2\/users\/1"}],"replies":[{"embeddable":true,"href":"https:\/\/sitetab3.ac-reims.fr\/ec-sault\/-wp-\/wp-json\/wp\/v2\/comments?post=1007"}],"version-history":[{"count":5,"href":"https:\/\/sitetab3.ac-reims.fr\/ec-sault\/-wp-\/wp-json\/wp\/v2\/posts\/1007\/revisions"}],"predecessor-version":[{"id":1017,"href":"https:\/\/sitetab3.ac-reims.fr\/ec-sault\/-wp-\/wp-json\/wp\/v2\/posts\/1007\/revisions\/1017"}],"wp:attachment":[{"href":"https:\/\/sitetab3.ac-reims.fr\/ec-sault\/-wp-\/wp-json\/wp\/v2\/media?parent=1007"}],"wp:term":[{"taxonomy":"category","embeddable":true,"href":"https:\/\/sitetab3.ac-reims.fr\/ec-sault\/-wp-\/wp-json\/wp\/v2\/categories?post=1007"},{"taxonomy":"post_tag","embeddable":true,"href":"https:\/\/sitetab3.ac-reims.fr\/ec-sault\/-wp-\/wp-json\/wp\/v2\/tags?post=1007"}],"curies":[{"name":"wp","href":"https:\/\/api.w.org\/{rel}","templated":true}]}}