{"id":1025,"date":"2023-10-23T20:36:52","date_gmt":"2023-10-23T18:36:52","guid":{"rendered":"https:\/\/sitetab3.ac-reims.fr\/ec-sault\/-wp-\/?p=1025"},"modified":"2023-10-23T20:38:59","modified_gmt":"2023-10-23T18:38:59","slug":"projet-emile","status":"publish","type":"post","link":"https:\/\/sitetab3.ac-reims.fr\/ec-sault\/-wp-\/projet-emile\/","title":{"rendered":"Projet EMILE"},"content":{"rendered":"\n<div class=\"wp-block-image is-style-default\"><figure class=\"aligncenter size-full\"><img loading=\"lazy\" decoding=\"async\" width=\"276\" height=\"183\" src=\"https:\/\/sitetab3.ac-reims.fr\/ec-sault\/-wp-\/wp-content\/uploads\/2023\/10\/Sans-titre.jpg\" alt=\"\" class=\"wp-image-1027\"\/><\/figure><\/div>\n\n\n\n<p class=\"has-text-align-center\">L&rsquo;\u00e9cole de Sault-l\u00e8s-Rethel fait partie des 4 \u00e9coles du d\u00e9partement inscrites \u00e0 ce projet.<\/p>\n\n\n\n<p class=\"has-text-align-center\">Le projet EMILE (Enseignement d&rsquo;une Mati\u00e8re Int\u00e9gr\u00e9e en Langue Etrang\u00e8re) a pour but d&rsquo;int\u00e9grer l&rsquo;anglais aux autres disciplines enseign\u00e9es.<\/p>\n\n\n\n<p class=\"has-text-align-center\">Voici <a href=\"https:\/\/www.youtube.com\/watch?v=zgaWMjphHuQ\" target=\"_blank\" rel=\"noreferrer noopener\">une vid\u00e9o de pr\u00e9sentation du projet<\/a><\/p>\n\n\n\n<p><\/p>\n","protected":false},"excerpt":{"rendered":"<p>L&rsquo;\u00e9cole de Sault-l\u00e8s-Rethel fait partie des 4 \u00e9coles du d\u00e9partement inscrites \u00e0 ce projet. Le projet EMILE (Enseignement d&rsquo;une Mati\u00e8re Int\u00e9gr\u00e9e en Langue Etrang\u00e8re) a pour but d&rsquo;int\u00e9grer l&rsquo;anglais aux autres disciplines enseign\u00e9es. Voici une vid\u00e9o de pr\u00e9sentation du projet<\/p>\n","protected":false},"author":1,"featured_media":0,"comment_status":"open","ping_status":"open","sticky":true,"template":"","format":"standard","meta":{"ngg_post_thumbnail":0,"footnotes":""},"categories":[32],"tags":[],"_links":{"self":[{"href":"https:\/\/sitetab3.ac-reims.fr\/ec-sault\/-wp-\/wp-json\/wp\/v2\/posts\/1025"}],"collection":[{"href":"https:\/\/sitetab3.ac-reims.fr\/ec-sault\/-wp-\/wp-json\/wp\/v2\/posts"}],"about":[{"href":"https:\/\/sitetab3.ac-reims.fr\/ec-sault\/-wp-\/wp-json\/wp\/v2\/types\/post"}],"author":[{"embeddable":true,"href":"https:\/\/sitetab3.ac-reims.fr\/ec-sault\/-wp-\/wp-json\/wp\/v2\/users\/1"}],"replies":[{"embeddable":true,"href":"https:\/\/sitetab3.ac-reims.fr\/ec-sault\/-wp-\/wp-json\/wp\/v2\/comments?post=1025"}],"version-history":[{"count":3,"href":"https:\/\/sitetab3.ac-reims.fr\/ec-sault\/-wp-\/wp-json\/wp\/v2\/posts\/1025\/revisions"}],"predecessor-version":[{"id":1030,"href":"https:\/\/sitetab3.ac-reims.fr\/ec-sault\/-wp-\/wp-json\/wp\/v2\/posts\/1025\/revisions\/1030"}],"wp:attachment":[{"href":"https:\/\/sitetab3.ac-reims.fr\/ec-sault\/-wp-\/wp-json\/wp\/v2\/media?parent=1025"}],"wp:term":[{"taxonomy":"category","embeddable":true,"href":"https:\/\/sitetab3.ac-reims.fr\/ec-sault\/-wp-\/wp-json\/wp\/v2\/categories?post=1025"},{"taxonomy":"post_tag","embeddable":true,"href":"https:\/\/sitetab3.ac-reims.fr\/ec-sault\/-wp-\/wp-json\/wp\/v2\/tags?post=1025"}],"curies":[{"name":"wp","href":"https:\/\/api.w.org\/{rel}","templated":true}]}}