{"id":1038,"date":"2024-03-15T19:42:37","date_gmt":"2024-03-15T18:42:37","guid":{"rendered":"https:\/\/sitetab3.ac-reims.fr\/ec-sault\/-wp-\/?p=1038"},"modified":"2024-03-15T19:43:22","modified_gmt":"2024-03-15T18:43:22","slug":"semaine-des-mathematiques","status":"publish","type":"post","link":"https:\/\/sitetab3.ac-reims.fr\/ec-sault\/-wp-\/semaine-des-mathematiques\/","title":{"rendered":"Semaine des math\u00e9matiques"},"content":{"rendered":"\n<figure class=\"wp-block-image size-large is-style-default\"><img loading=\"lazy\" decoding=\"async\" width=\"1024\" height=\"178\" src=\"https:\/\/sitetab3.ac-reims.fr\/ec-sault\/-wp-\/wp-content\/uploads\/2024\/03\/semaine-des-math-matiques-2023-banni-re-longue-120430-1024x178.jpg\" alt=\"\" class=\"wp-image-1039\" srcset=\"https:\/\/sitetab3.ac-reims.fr\/ec-sault\/-wp-\/wp-content\/uploads\/2024\/03\/semaine-des-math-matiques-2023-banni-re-longue-120430-1024x178.jpg 1024w, https:\/\/sitetab3.ac-reims.fr\/ec-sault\/-wp-\/wp-content\/uploads\/2024\/03\/semaine-des-math-matiques-2023-banni-re-longue-120430-300x52.jpg 300w, https:\/\/sitetab3.ac-reims.fr\/ec-sault\/-wp-\/wp-content\/uploads\/2024\/03\/semaine-des-math-matiques-2023-banni-re-longue-120430-768x133.jpg 768w, https:\/\/sitetab3.ac-reims.fr\/ec-sault\/-wp-\/wp-content\/uploads\/2024\/03\/semaine-des-math-matiques-2023-banni-re-longue-120430-1536x267.jpg 1536w, https:\/\/sitetab3.ac-reims.fr\/ec-sault\/-wp-\/wp-content\/uploads\/2024\/03\/semaine-des-math-matiques-2023-banni-re-longue-120430-2048x356.jpg 2048w\" sizes=\"(max-width: 1024px) 100vw, 1024px\" \/><\/figure>\n\n\n\n<p>Du 13 au 20 mars, les classes de l&rsquo;\u00e9cole participent \u00e0 la semaine des math\u00e9matiques sur le th\u00e8me \u00ab\u00a0L&rsquo;important c&rsquo;est de participer!\u00a0\u00bb.<\/p>\n\n\n\n<p><\/p>\n\n\n\n<p>Plus d&rsquo;informations <a href=\"https:\/\/www.education.gouv.fr\/la-semaine-des-mathematiques-7241\">ici<\/a><\/p>\n","protected":false},"excerpt":{"rendered":"<p>Du 13 au 20 mars, les classes de l&rsquo;\u00e9cole participent \u00e0 la semaine des math\u00e9matiques sur le th\u00e8me \u00ab\u00a0L&rsquo;important c&rsquo;est de participer!\u00a0\u00bb. Plus d&rsquo;informations ici<\/p>\n","protected":false},"author":1,"featured_media":0,"comment_status":"open","ping_status":"open","sticky":true,"template":"","format":"standard","meta":{"ngg_post_thumbnail":0,"footnotes":""},"categories":[32],"tags":[],"_links":{"self":[{"href":"https:\/\/sitetab3.ac-reims.fr\/ec-sault\/-wp-\/wp-json\/wp\/v2\/posts\/1038"}],"collection":[{"href":"https:\/\/sitetab3.ac-reims.fr\/ec-sault\/-wp-\/wp-json\/wp\/v2\/posts"}],"about":[{"href":"https:\/\/sitetab3.ac-reims.fr\/ec-sault\/-wp-\/wp-json\/wp\/v2\/types\/post"}],"author":[{"embeddable":true,"href":"https:\/\/sitetab3.ac-reims.fr\/ec-sault\/-wp-\/wp-json\/wp\/v2\/users\/1"}],"replies":[{"embeddable":true,"href":"https:\/\/sitetab3.ac-reims.fr\/ec-sault\/-wp-\/wp-json\/wp\/v2\/comments?post=1038"}],"version-history":[{"count":1,"href":"https:\/\/sitetab3.ac-reims.fr\/ec-sault\/-wp-\/wp-json\/wp\/v2\/posts\/1038\/revisions"}],"predecessor-version":[{"id":1040,"href":"https:\/\/sitetab3.ac-reims.fr\/ec-sault\/-wp-\/wp-json\/wp\/v2\/posts\/1038\/revisions\/1040"}],"wp:attachment":[{"href":"https:\/\/sitetab3.ac-reims.fr\/ec-sault\/-wp-\/wp-json\/wp\/v2\/media?parent=1038"}],"wp:term":[{"taxonomy":"category","embeddable":true,"href":"https:\/\/sitetab3.ac-reims.fr\/ec-sault\/-wp-\/wp-json\/wp\/v2\/categories?post=1038"},{"taxonomy":"post_tag","embeddable":true,"href":"https:\/\/sitetab3.ac-reims.fr\/ec-sault\/-wp-\/wp-json\/wp\/v2\/tags?post=1038"}],"curies":[{"name":"wp","href":"https:\/\/api.w.org\/{rel}","templated":true}]}}