{"id":1046,"date":"2024-03-15T19:49:34","date_gmt":"2024-03-15T18:49:34","guid":{"rendered":"https:\/\/sitetab3.ac-reims.fr\/ec-sault\/-wp-\/?p=1046"},"modified":"2024-03-15T19:49:40","modified_gmt":"2024-03-15T18:49:40","slug":"journee-mondiale-de-la-trisomie-21","status":"publish","type":"post","link":"https:\/\/sitetab3.ac-reims.fr\/ec-sault\/-wp-\/journee-mondiale-de-la-trisomie-21\/","title":{"rendered":"Journ\u00e9e mondiale de la trisomie 21"},"content":{"rendered":"\n\n\n<div data-wp-interactive=\"core\/file\" class=\"wp-block-file\"><object data-wp-bind--hidden=\"!state.hasPdfPreview\"  class=\"wp-block-file__embed\" data=\"https:\/\/sitetab3.ac-reims.fr\/ec-sault\/-wp-\/wp-content\/uploads\/2024\/03\/afficheChaussette_2024.pdf\" type=\"application\/pdf\" style=\"width:100%;height:600px\" aria-label=\"Contenu embarqu\u00e9 Contenu embarqu\u00e9 afficheChaussette_2024..\"><\/object><a href=\"https:\/\/sitetab3.ac-reims.fr\/ec-sault\/-wp-\/wp-content\/uploads\/2024\/03\/afficheChaussette_2024.pdf\">afficheChaussette_2024<\/a><a href=\"https:\/\/sitetab3.ac-reims.fr\/ec-sault\/-wp-\/wp-content\/uploads\/2024\/03\/afficheChaussette_2024.pdf\" class=\"wp-block-file__button\" download>T\u00e9l\u00e9charger<\/a><\/div>\n\n\n\n<p>Cette op\u00e9ration consiste \u00e0 montrer que nous acceptons la diff\u00e9rence, que nous sommes pr\u00eats \u00e0 ce que les diff\u00e9rences soient plus visibles dans la soci\u00e9t\u00e9. Par ce geste, nous permettons de mettre un coup de projecteur sur le fait que les personnes porteuses de trisomie 21 ont toute leur place dans la soci\u00e9t\u00e9 !<\/p>\n\n\n\n<p>Nos chaussettes auront beau ce jour-l\u00e0 \u00eatre diff\u00e9rentes, elles rempliront exactement la m\u00eame fonction, sauf que le monde n\u2019en sera que plus fun et color\u00e9 ! On aura particip\u00e9 tous ensemble, collectivement&nbsp; \u00e0 une mobilisation ludique et inclusive.<\/p>\n","protected":false},"excerpt":{"rendered":"<p>Cette op\u00e9ration consiste \u00e0 montrer que nous acceptons la diff\u00e9rence, que nous sommes pr\u00eats \u00e0 ce que les diff\u00e9rences soient plus visibles dans la soci\u00e9t\u00e9. Par ce geste, nous permettons de mettre un coup de projecteur sur le fait que les personnes porteuses de trisomie 21 ont toute leur place dans la soci\u00e9t\u00e9 ! Nos [&hellip;]<\/p>\n","protected":false},"author":1,"featured_media":0,"comment_status":"open","ping_status":"open","sticky":true,"template":"","format":"standard","meta":{"ngg_post_thumbnail":0,"footnotes":""},"categories":[32],"tags":[],"_links":{"self":[{"href":"https:\/\/sitetab3.ac-reims.fr\/ec-sault\/-wp-\/wp-json\/wp\/v2\/posts\/1046"}],"collection":[{"href":"https:\/\/sitetab3.ac-reims.fr\/ec-sault\/-wp-\/wp-json\/wp\/v2\/posts"}],"about":[{"href":"https:\/\/sitetab3.ac-reims.fr\/ec-sault\/-wp-\/wp-json\/wp\/v2\/types\/post"}],"author":[{"embeddable":true,"href":"https:\/\/sitetab3.ac-reims.fr\/ec-sault\/-wp-\/wp-json\/wp\/v2\/users\/1"}],"replies":[{"embeddable":true,"href":"https:\/\/sitetab3.ac-reims.fr\/ec-sault\/-wp-\/wp-json\/wp\/v2\/comments?post=1046"}],"version-history":[{"count":1,"href":"https:\/\/sitetab3.ac-reims.fr\/ec-sault\/-wp-\/wp-json\/wp\/v2\/posts\/1046\/revisions"}],"predecessor-version":[{"id":1048,"href":"https:\/\/sitetab3.ac-reims.fr\/ec-sault\/-wp-\/wp-json\/wp\/v2\/posts\/1046\/revisions\/1048"}],"wp:attachment":[{"href":"https:\/\/sitetab3.ac-reims.fr\/ec-sault\/-wp-\/wp-json\/wp\/v2\/media?parent=1046"}],"wp:term":[{"taxonomy":"category","embeddable":true,"href":"https:\/\/sitetab3.ac-reims.fr\/ec-sault\/-wp-\/wp-json\/wp\/v2\/categories?post=1046"},{"taxonomy":"post_tag","embeddable":true,"href":"https:\/\/sitetab3.ac-reims.fr\/ec-sault\/-wp-\/wp-json\/wp\/v2\/tags?post=1046"}],"curies":[{"name":"wp","href":"https:\/\/api.w.org\/{rel}","templated":true}]}}