{"id":1059,"date":"2024-03-27T21:23:45","date_gmt":"2024-03-27T20:23:45","guid":{"rendered":"https:\/\/sitetab3.ac-reims.fr\/ec-sault\/-wp-\/?p=1059"},"modified":"2024-03-28T20:33:20","modified_gmt":"2024-03-28T19:33:20","slug":"1059-2","status":"publish","type":"post","link":"https:\/\/sitetab3.ac-reims.fr\/ec-sault\/-wp-\/1059-2\/","title":{"rendered":""},"content":{"rendered":"\n<div data-wp-interactive=\"core\/file\" class=\"wp-block-file\"><object data-wp-bind--hidden=\"!state.hasPdfPreview\"  class=\"wp-block-file__embed\" data=\"https:\/\/sitetab3.ac-reims.fr\/ec-sault\/-wp-\/wp-content\/uploads\/2024\/03\/PROGRAMME-SEMINAIRE-27Mars2024.pdf\" type=\"application\/pdf\" style=\"width:100%;height:600px\" aria-label=\"Contenu embarqu\u00e9 Contenu embarqu\u00e9 PROGRAMME-SEMINAIRE-27Mars2024..\"><\/object><a href=\"https:\/\/sitetab3.ac-reims.fr\/ec-sault\/-wp-\/wp-content\/uploads\/2024\/03\/PROGRAMME-SEMINAIRE-27Mars2024.pdf\">PROGRAMME-SEMINAIRE-27Mars2024<\/a><a href=\"https:\/\/sitetab3.ac-reims.fr\/ec-sault\/-wp-\/wp-content\/uploads\/2024\/03\/PROGRAMME-SEMINAIRE-27Mars2024.pdf\" class=\"wp-block-file__button\" download>T\u00e9l\u00e9charger<\/a><\/div>\n\n\n\n<p class=\"has-text-align-center\">Mme Pokora et Mme Lambert-Lahotte \u00e9taient pr\u00e9sentes \u00e0 ce s\u00e9minaire afin de pr\u00e9senter les am\u00e9nagements de la cr\u00e9@classe et de la classe de CP.<\/p>\n\n\n\n<p class=\"has-text-align-center\">Plus d&rsquo;informations <a href=\"https:\/\/www.ac-reims.fr\/construire-et-habiter-l-ecole\">ici<\/a><\/p>\n","protected":false},"excerpt":{"rendered":"<p>Mme Pokora et Mme Lambert-Lahotte \u00e9taient pr\u00e9sentes \u00e0 ce s\u00e9minaire afin de pr\u00e9senter les am\u00e9nagements de la cr\u00e9@classe et de la classe de CP. Plus d&rsquo;informations ici<\/p>\n","protected":false},"author":1,"featured_media":0,"comment_status":"open","ping_status":"open","sticky":true,"template":"","format":"standard","meta":{"ngg_post_thumbnail":0,"footnotes":""},"categories":[30],"tags":[],"_links":{"self":[{"href":"https:\/\/sitetab3.ac-reims.fr\/ec-sault\/-wp-\/wp-json\/wp\/v2\/posts\/1059"}],"collection":[{"href":"https:\/\/sitetab3.ac-reims.fr\/ec-sault\/-wp-\/wp-json\/wp\/v2\/posts"}],"about":[{"href":"https:\/\/sitetab3.ac-reims.fr\/ec-sault\/-wp-\/wp-json\/wp\/v2\/types\/post"}],"author":[{"embeddable":true,"href":"https:\/\/sitetab3.ac-reims.fr\/ec-sault\/-wp-\/wp-json\/wp\/v2\/users\/1"}],"replies":[{"embeddable":true,"href":"https:\/\/sitetab3.ac-reims.fr\/ec-sault\/-wp-\/wp-json\/wp\/v2\/comments?post=1059"}],"version-history":[{"count":2,"href":"https:\/\/sitetab3.ac-reims.fr\/ec-sault\/-wp-\/wp-json\/wp\/v2\/posts\/1059\/revisions"}],"predecessor-version":[{"id":1064,"href":"https:\/\/sitetab3.ac-reims.fr\/ec-sault\/-wp-\/wp-json\/wp\/v2\/posts\/1059\/revisions\/1064"}],"wp:attachment":[{"href":"https:\/\/sitetab3.ac-reims.fr\/ec-sault\/-wp-\/wp-json\/wp\/v2\/media?parent=1059"}],"wp:term":[{"taxonomy":"category","embeddable":true,"href":"https:\/\/sitetab3.ac-reims.fr\/ec-sault\/-wp-\/wp-json\/wp\/v2\/categories?post=1059"},{"taxonomy":"post_tag","embeddable":true,"href":"https:\/\/sitetab3.ac-reims.fr\/ec-sault\/-wp-\/wp-json\/wp\/v2\/tags?post=1059"}],"curies":[{"name":"wp","href":"https:\/\/api.w.org\/{rel}","templated":true}]}}