{"id":1113,"date":"2024-06-14T10:51:50","date_gmt":"2024-06-14T08:51:50","guid":{"rendered":"https:\/\/sitetab3.ac-reims.fr\/ec-sault\/-wp-\/?p=1113"},"modified":"2024-06-14T10:51:52","modified_gmt":"2024-06-14T08:51:52","slug":"inscription-scolaire-2024-2025","status":"publish","type":"post","link":"https:\/\/sitetab3.ac-reims.fr\/ec-sault\/-wp-\/inscription-scolaire-2024-2025\/","title":{"rendered":"Inscription scolaire 2024-2025"},"content":{"rendered":"\n<p>L\u2019inscription \u00e0 l\u2019\u00e9cole se fait en 2 \u00e9tapes.<\/p>\n\n\n\n<p><strong>\u00c9tape 1: <\/strong>Avant l\u2019inscription \u00e0 l\u2019\u00e9cole, il est imp\u00e9ratif de prendre contact avec la Communaut\u00e9 de Communes du Pays Reth\u00e9lois afin d\u2019obtenir un certificat d\u2019inscription (t\u00e9l\u00e9chargeable sur le site suivant):<\/p>\n\n\n\n<figure class=\"wp-block-embed\"><div class=\"wp-block-embed__wrapper\">\nhttps:\/\/www.paysrethelois.fr\/fr\/les-inscriptions-scolaires.html\n<\/div><\/figure>\n\n\n\n<p>Ce document est \u00e0 compl\u00e9ter et \u00e0 retourner par mail (\u00e0 l\u2019une de ces adresses <a href=\"mailto:affaires-scolaires@cc-paysrethelois.fr\">affaires-scolaires@cc-paysrethelois.fr<\/a>&nbsp;ou&nbsp;<a href=\"mailto:accueil@cc-paysrethelois.fr\">accueil@cc-paysrethelois.fr<\/a>) ou par courrier.<\/p>\n\n\n\n<p><strong>\u00c9tape 2: <\/strong>Vous pouvez contacter l\u2019\u00e9cole par mail pour finaliser l\u2019inscription de votre enfant: <a href=\"mailto:ce.0080486k@ac-reims.fr\">ce.0080486k@ac-reims.fr<\/a>.<\/p>\n\n\n\n<p>Vous aurez alors \u00e0 fournir:<\/p>\n\n\n\n<ul><li>Les fiches de renseignement et d\u2019urgence compl\u00e9t\u00e9es <\/li><li>La photocopie du livret de famille<\/li><li>La photocopie du carnet de sant\u00e9 attestant des vaccinations obligatoires.<\/li><li>Un certificat de radiation (uniquement si votre enfant \u00e9tait scolaris\u00e9 dans une autre \u00e9cole)<\/li><\/ul>\n\n\n\n<div data-wp-interactive=\"core\/file\" class=\"wp-block-file\"><object data-wp-bind--hidden=\"!state.hasPdfPreview\"  class=\"wp-block-file__embed\" data=\"https:\/\/sitetab3.ac-reims.fr\/ec-sault\/-wp-\/wp-content\/uploads\/2024\/06\/Fiche-de-renseignements-2-1.pdf\" type=\"application\/pdf\" style=\"width:100%;height:600px\" aria-label=\"Contenu embarqu\u00e9 Contenu embarqu\u00e9 fiche de renseignements..\"><\/object><a href=\"https:\/\/sitetab3.ac-reims.fr\/ec-sault\/-wp-\/wp-content\/uploads\/2024\/06\/Fiche-de-renseignements-2-1.pdf\">fiche de renseignements<\/a><a href=\"https:\/\/sitetab3.ac-reims.fr\/ec-sault\/-wp-\/wp-content\/uploads\/2024\/06\/Fiche-de-renseignements-2-1.pdf\" class=\"wp-block-file__button\" download>T\u00e9l\u00e9charger<\/a><\/div>\n\n\n\n<p><\/p>\n","protected":false},"excerpt":{"rendered":"<p>L\u2019inscription \u00e0 l\u2019\u00e9cole se fait en 2 \u00e9tapes. \u00c9tape 1: Avant l\u2019inscription \u00e0 l\u2019\u00e9cole, il est imp\u00e9ratif de prendre contact avec la Communaut\u00e9 de Communes du Pays Reth\u00e9lois afin d\u2019obtenir un certificat d\u2019inscription (t\u00e9l\u00e9chargeable sur le site suivant): Ce document est \u00e0 compl\u00e9ter et \u00e0 retourner par mail (\u00e0 l\u2019une de ces adresses affaires-scolaires@cc-paysrethelois.fr&nbsp;ou&nbsp;accueil@cc-paysrethelois.fr) ou [&hellip;]<\/p>\n","protected":false},"author":1,"featured_media":0,"comment_status":"open","ping_status":"open","sticky":true,"template":"","format":"standard","meta":{"ngg_post_thumbnail":0,"footnotes":""},"categories":[32],"tags":[],"_links":{"self":[{"href":"https:\/\/sitetab3.ac-reims.fr\/ec-sault\/-wp-\/wp-json\/wp\/v2\/posts\/1113"}],"collection":[{"href":"https:\/\/sitetab3.ac-reims.fr\/ec-sault\/-wp-\/wp-json\/wp\/v2\/posts"}],"about":[{"href":"https:\/\/sitetab3.ac-reims.fr\/ec-sault\/-wp-\/wp-json\/wp\/v2\/types\/post"}],"author":[{"embeddable":true,"href":"https:\/\/sitetab3.ac-reims.fr\/ec-sault\/-wp-\/wp-json\/wp\/v2\/users\/1"}],"replies":[{"embeddable":true,"href":"https:\/\/sitetab3.ac-reims.fr\/ec-sault\/-wp-\/wp-json\/wp\/v2\/comments?post=1113"}],"version-history":[{"count":1,"href":"https:\/\/sitetab3.ac-reims.fr\/ec-sault\/-wp-\/wp-json\/wp\/v2\/posts\/1113\/revisions"}],"predecessor-version":[{"id":1115,"href":"https:\/\/sitetab3.ac-reims.fr\/ec-sault\/-wp-\/wp-json\/wp\/v2\/posts\/1113\/revisions\/1115"}],"wp:attachment":[{"href":"https:\/\/sitetab3.ac-reims.fr\/ec-sault\/-wp-\/wp-json\/wp\/v2\/media?parent=1113"}],"wp:term":[{"taxonomy":"category","embeddable":true,"href":"https:\/\/sitetab3.ac-reims.fr\/ec-sault\/-wp-\/wp-json\/wp\/v2\/categories?post=1113"},{"taxonomy":"post_tag","embeddable":true,"href":"https:\/\/sitetab3.ac-reims.fr\/ec-sault\/-wp-\/wp-json\/wp\/v2\/tags?post=1113"}],"curies":[{"name":"wp","href":"https:\/\/api.w.org\/{rel}","templated":true}]}}