{"id":1118,"date":"2024-04-21T09:45:00","date_gmt":"2024-04-21T07:45:00","guid":{"rendered":"https:\/\/sitetab3.ac-reims.fr\/ec-sault\/-wp-\/?p=1118"},"modified":"2024-06-21T09:51:25","modified_gmt":"2024-06-21T07:51:25","slug":"100-jours-decole","status":"publish","type":"post","link":"https:\/\/sitetab3.ac-reims.fr\/ec-sault\/-wp-\/100-jours-decole\/","title":{"rendered":"100 jours d&rsquo;\u00e9cole"},"content":{"rendered":"\n<p>Une journ\u00e9e sp\u00e9ciale \u00e0 l&rsquo;occasion des 100 jours d&rsquo;\u00e9cole a eu lieu pour les classes de CP et de CP\/CE1 ainsi que leurs parents.<\/p>\n\n\n\n<p>Au programme: <\/p>\n\n\n\n<ul><li>la r\u00e9alisation de 100 g\u00e2teaux<\/li><li>Une collection de 100 mots que l\u2019on sait lire<\/li><li>Une collection de 100 mots que l\u2019on sait \u00e9crire<\/li><li>La pr\u00e9sentation des collections par les \u00e9l\u00e8ves<\/li><li>R\u00e9ussir 100 d\u00e9fis<\/li><li>Trouver les 10 sachets de dizaines cach\u00e9s dans l\u2019\u00e9cole<\/li><li>Un livret d\u2019activit\u00e9 autour du nombre 100<\/li><\/ul>\n\n\n\n<div data-wp-interactive=\"core\/file\" class=\"wp-block-file\"><object data-wp-bind--hidden=\"!state.hasPdfPreview\"  class=\"wp-block-file__embed\" data=\"https:\/\/sitetab3.ac-reims.fr\/ec-sault\/-wp-\/wp-content\/uploads\/2024\/06\/proxy.pdf\" type=\"application\/pdf\" style=\"width:100%;height:600px\" aria-label=\"Contenu embarqu\u00e9 Contenu embarqu\u00e9 proxy..\"><\/object><a href=\"https:\/\/sitetab3.ac-reims.fr\/ec-sault\/-wp-\/wp-content\/uploads\/2024\/06\/proxy.pdf\">proxy<\/a><a href=\"https:\/\/sitetab3.ac-reims.fr\/ec-sault\/-wp-\/wp-content\/uploads\/2024\/06\/proxy.pdf\" class=\"wp-block-file__button\" download>T\u00e9l\u00e9charger<\/a><\/div>\n","protected":false},"excerpt":{"rendered":"<p>Une journ\u00e9e sp\u00e9ciale \u00e0 l&rsquo;occasion des 100 jours d&rsquo;\u00e9cole a eu lieu pour les classes de CP et de CP\/CE1 ainsi que leurs parents. Au programme: la r\u00e9alisation de 100 g\u00e2teaux Une collection de 100 mots que l\u2019on sait lire Une collection de 100 mots que l\u2019on sait \u00e9crire La pr\u00e9sentation des collections par les [&hellip;]<\/p>\n","protected":false},"author":1,"featured_media":0,"comment_status":"open","ping_status":"open","sticky":true,"template":"","format":"standard","meta":{"ngg_post_thumbnail":0,"footnotes":""},"categories":[32],"tags":[],"_links":{"self":[{"href":"https:\/\/sitetab3.ac-reims.fr\/ec-sault\/-wp-\/wp-json\/wp\/v2\/posts\/1118"}],"collection":[{"href":"https:\/\/sitetab3.ac-reims.fr\/ec-sault\/-wp-\/wp-json\/wp\/v2\/posts"}],"about":[{"href":"https:\/\/sitetab3.ac-reims.fr\/ec-sault\/-wp-\/wp-json\/wp\/v2\/types\/post"}],"author":[{"embeddable":true,"href":"https:\/\/sitetab3.ac-reims.fr\/ec-sault\/-wp-\/wp-json\/wp\/v2\/users\/1"}],"replies":[{"embeddable":true,"href":"https:\/\/sitetab3.ac-reims.fr\/ec-sault\/-wp-\/wp-json\/wp\/v2\/comments?post=1118"}],"version-history":[{"count":1,"href":"https:\/\/sitetab3.ac-reims.fr\/ec-sault\/-wp-\/wp-json\/wp\/v2\/posts\/1118\/revisions"}],"predecessor-version":[{"id":1120,"href":"https:\/\/sitetab3.ac-reims.fr\/ec-sault\/-wp-\/wp-json\/wp\/v2\/posts\/1118\/revisions\/1120"}],"wp:attachment":[{"href":"https:\/\/sitetab3.ac-reims.fr\/ec-sault\/-wp-\/wp-json\/wp\/v2\/media?parent=1118"}],"wp:term":[{"taxonomy":"category","embeddable":true,"href":"https:\/\/sitetab3.ac-reims.fr\/ec-sault\/-wp-\/wp-json\/wp\/v2\/categories?post=1118"},{"taxonomy":"post_tag","embeddable":true,"href":"https:\/\/sitetab3.ac-reims.fr\/ec-sault\/-wp-\/wp-json\/wp\/v2\/tags?post=1118"}],"curies":[{"name":"wp","href":"https:\/\/api.w.org\/{rel}","templated":true}]}}