{"id":1146,"date":"2024-07-05T12:27:21","date_gmt":"2024-07-05T10:27:21","guid":{"rendered":"https:\/\/sitetab3.ac-reims.fr\/ec-sault\/-wp-\/?p=1146"},"modified":"2024-08-30T21:05:53","modified_gmt":"2024-08-30T19:05:53","slug":"rentree-scolaire-2024-2025-2","status":"publish","type":"post","link":"https:\/\/sitetab3.ac-reims.fr\/ec-sault\/-wp-\/rentree-scolaire-2024-2025-2\/","title":{"rendered":"Rentr\u00e9e scolaire 2024-2025"},"content":{"rendered":"\n<p class=\"has-text-align-center\">Afin de pr\u00e9parer au mieux la rentr\u00e9e scolaire, voici les listes de fournitures pour les diff\u00e9rents niveaux<\/p>\n\n\n\n<p class=\"has-text-align-center\"><\/p>\n\n\n\n<p><\/p>\n\n\n\n<p><\/p>\n\n\n\n<p><a href=\"https:\/\/sitetab3.ac-reims.fr\/ec-sault\/-wp-\/wp-content\/uploads\/2024\/07\/MS-GS.pdf\">El\u00e8ves de Moyenne section<\/a><\/p>\n\n\n\n<p><a href=\"https:\/\/sitetab3.ac-reims.fr\/ec-sault\/-wp-\/wp-content\/uploads\/2024\/07\/MS-GS.pdf\">El\u00e8ves de Grande section<\/a><\/p>\n\n\n\n<p><a href=\"https:\/\/sitetab3.ac-reims.fr\/ec-sault\/-wp-\/wp-content\/uploads\/2024\/07\/liste-fournitures.pdf\">El\u00e8ves de CP <\/a><\/p>\n\n\n\n<p><a href=\"https:\/\/sitetab3.ac-reims.fr\/ec-sault\/-wp-\/wp-content\/uploads\/2024\/07\/liste-de-fourniture.pdf\">El\u00e8ves de CE1<\/a><\/p>\n\n\n\n<p><a href=\"https:\/\/sitetab3.ac-reims.fr\/ec-sault\/-wp-\/wp-content\/uploads\/2024\/07\/liste-de-fourniture.pdf\">El\u00e8ves de CE2<\/a><\/p>\n\n\n\n<p><a href=\"https:\/\/sitetab3.ac-reims.fr\/ec-sault\/-wp-\/wp-content\/uploads\/2024\/07\/liste-cm1.pdf\">El\u00e8ves de CM1<\/a><\/p>\n\n\n\n<p><a href=\"https:\/\/sitetab3.ac-reims.fr\/ec-sault\/-wp-\/wp-content\/uploads\/2024\/07\/liste-de-fournitures.pdf\">El\u00e8ves de CM2<\/a><\/p>\n\n\n\n<p><\/p>\n\n\n\n<p class=\"has-text-align-center\">Pour les \u00e9l\u00e8ves qui entrent en Petite Section, vous trouverez <a href=\"https:\/\/padlet.com\/ulsaslaurence\/rentreedespetits\" target=\"_blank\" rel=\"noreferrer noopener\">ic<\/a><a href=\"https:\/\/padlet.com\/ulsaslaurence\/rentreedespetits\">i<\/a> un document d&rsquo;accueil.<\/p>\n","protected":false},"excerpt":{"rendered":"<p>Afin de pr\u00e9parer au mieux la rentr\u00e9e scolaire, voici les listes de fournitures pour les diff\u00e9rents niveaux El\u00e8ves de Moyenne section El\u00e8ves de Grande section El\u00e8ves de CP El\u00e8ves de CE1 El\u00e8ves de CE2 El\u00e8ves de CM1 El\u00e8ves de CM2 Pour les \u00e9l\u00e8ves qui entrent en Petite Section, vous trouverez ici un document d&rsquo;accueil.<\/p>\n","protected":false},"author":1,"featured_media":0,"comment_status":"open","ping_status":"open","sticky":true,"template":"","format":"standard","meta":{"ngg_post_thumbnail":0,"footnotes":""},"categories":[1],"tags":[],"_links":{"self":[{"href":"https:\/\/sitetab3.ac-reims.fr\/ec-sault\/-wp-\/wp-json\/wp\/v2\/posts\/1146"}],"collection":[{"href":"https:\/\/sitetab3.ac-reims.fr\/ec-sault\/-wp-\/wp-json\/wp\/v2\/posts"}],"about":[{"href":"https:\/\/sitetab3.ac-reims.fr\/ec-sault\/-wp-\/wp-json\/wp\/v2\/types\/post"}],"author":[{"embeddable":true,"href":"https:\/\/sitetab3.ac-reims.fr\/ec-sault\/-wp-\/wp-json\/wp\/v2\/users\/1"}],"replies":[{"embeddable":true,"href":"https:\/\/sitetab3.ac-reims.fr\/ec-sault\/-wp-\/wp-json\/wp\/v2\/comments?post=1146"}],"version-history":[{"count":7,"href":"https:\/\/sitetab3.ac-reims.fr\/ec-sault\/-wp-\/wp-json\/wp\/v2\/posts\/1146\/revisions"}],"predecessor-version":[{"id":1165,"href":"https:\/\/sitetab3.ac-reims.fr\/ec-sault\/-wp-\/wp-json\/wp\/v2\/posts\/1146\/revisions\/1165"}],"wp:attachment":[{"href":"https:\/\/sitetab3.ac-reims.fr\/ec-sault\/-wp-\/wp-json\/wp\/v2\/media?parent=1146"}],"wp:term":[{"taxonomy":"category","embeddable":true,"href":"https:\/\/sitetab3.ac-reims.fr\/ec-sault\/-wp-\/wp-json\/wp\/v2\/categories?post=1146"},{"taxonomy":"post_tag","embeddable":true,"href":"https:\/\/sitetab3.ac-reims.fr\/ec-sault\/-wp-\/wp-json\/wp\/v2\/tags?post=1146"}],"curies":[{"name":"wp","href":"https:\/\/api.w.org\/{rel}","templated":true}]}}