{"id":1167,"date":"2024-08-30T21:13:41","date_gmt":"2024-08-30T19:13:41","guid":{"rendered":"https:\/\/sitetab3.ac-reims.fr\/ec-sault\/-wp-\/?p=1167"},"modified":"2024-08-30T21:15:01","modified_gmt":"2024-08-30T19:15:01","slug":"rentree-scolaire-2024-2025-3","status":"publish","type":"post","link":"https:\/\/sitetab3.ac-reims.fr\/ec-sault\/-wp-\/rentree-scolaire-2024-2025-3\/","title":{"rendered":"Rentr\u00e9e scolaire 2024-2025"},"content":{"rendered":"\n<p class=\"has-text-align-center\"><strong>La rentr\u00e9e scolaire aura lieu le lundi 2 septembre \u00e0 8h20.<\/strong><\/p>\n\n\n\n<p>Les \u00e9l\u00e8ves de maternelle se rendront devant les portes de chaque enseignante selon l&rsquo;organisation suivante:<\/p>\n\n\n\n<p>PS\/MS\/GS: Mme Sandrine Thibault-Belet<\/p>\n\n\n\n<p>PS\/MS\/GS: Mme Laurence Ulsas<\/p>\n\n\n\n<p>PS\/MS\/GS: Mme Sophie Viriot<\/p>\n\n\n\n<p><\/p>\n\n\n\n<p>Les \u00e9l\u00e8ves de l&rsquo;\u00e9cole \u00e9l\u00e9mentaire se rendront dans la cour de r\u00e9cr\u00e9ation et se rangeront avec leur classe selon l&rsquo;organisation suivante:<\/p>\n\n\n\n<p>CP: Mme Perrin (lundi)\/Mme Flore Lambert-Lahotte<\/p>\n\n\n\n<p>CE1\/CE2: Mme Sabrina Troiano<\/p>\n\n\n\n<p>CE1\/CE2: Mme C\u00e9line Modaine<\/p>\n\n\n\n<p>CM1: Mr Christophe Savoy<\/p>\n\n\n\n<p>CM2: Mme Ma\u00eft\u00e9 Medinger\/ Mme Fabienne Pokora<\/p>\n\n\n\n<p><\/p>\n\n\n\n<p>Dispositif ULIS: Aur\u00e9lie Maud\u2019huy (coordinatrice) et Mme Florence Doublet (AESHco)<\/p>\n\n\n\n<p><\/p>\n\n\n\n<p class=\"has-text-align-center\"><span class=\"has-inline-color has-luminous-vivid-orange-color\">Bonne rentr\u00e9e et belle ann\u00e9e scolaire \u00e0 tous les \u00e9l\u00e8ves de l&rsquo;\u00e9cole de Sault-l\u00e8s-Rethel<\/span><\/p>\n\n\n\n<figure class=\"wp-block-image size-large\"><img loading=\"lazy\" decoding=\"async\" width=\"1024\" height=\"600\" src=\"https:\/\/sitetab3.ac-reims.fr\/ec-sault\/-wp-\/wp-content\/uploads\/2024\/08\/rentree_sco_24_25-1024x600.jpg\" alt=\"\" class=\"wp-image-1168\" srcset=\"https:\/\/sitetab3.ac-reims.fr\/ec-sault\/-wp-\/wp-content\/uploads\/2024\/08\/rentree_sco_24_25-1024x600.jpg 1024w, https:\/\/sitetab3.ac-reims.fr\/ec-sault\/-wp-\/wp-content\/uploads\/2024\/08\/rentree_sco_24_25-300x176.jpg 300w, https:\/\/sitetab3.ac-reims.fr\/ec-sault\/-wp-\/wp-content\/uploads\/2024\/08\/rentree_sco_24_25-768x450.jpg 768w, https:\/\/sitetab3.ac-reims.fr\/ec-sault\/-wp-\/wp-content\/uploads\/2024\/08\/rentree_sco_24_25.jpg 1380w\" sizes=\"(max-width: 1024px) 100vw, 1024px\" \/><\/figure>\n","protected":false},"excerpt":{"rendered":"<p>La rentr\u00e9e scolaire aura lieu le lundi 2 septembre \u00e0 8h20. Les \u00e9l\u00e8ves de maternelle se rendront devant les portes de chaque enseignante selon l&rsquo;organisation suivante: PS\/MS\/GS: Mme Sandrine Thibault-Belet PS\/MS\/GS: Mme Laurence Ulsas PS\/MS\/GS: Mme Sophie Viriot Les \u00e9l\u00e8ves de l&rsquo;\u00e9cole \u00e9l\u00e9mentaire se rendront dans la cour de r\u00e9cr\u00e9ation et se rangeront avec leur [&hellip;]<\/p>\n","protected":false},"author":1,"featured_media":0,"comment_status":"open","ping_status":"open","sticky":true,"template":"","format":"standard","meta":{"ngg_post_thumbnail":0,"footnotes":""},"categories":[32],"tags":[],"_links":{"self":[{"href":"https:\/\/sitetab3.ac-reims.fr\/ec-sault\/-wp-\/wp-json\/wp\/v2\/posts\/1167"}],"collection":[{"href":"https:\/\/sitetab3.ac-reims.fr\/ec-sault\/-wp-\/wp-json\/wp\/v2\/posts"}],"about":[{"href":"https:\/\/sitetab3.ac-reims.fr\/ec-sault\/-wp-\/wp-json\/wp\/v2\/types\/post"}],"author":[{"embeddable":true,"href":"https:\/\/sitetab3.ac-reims.fr\/ec-sault\/-wp-\/wp-json\/wp\/v2\/users\/1"}],"replies":[{"embeddable":true,"href":"https:\/\/sitetab3.ac-reims.fr\/ec-sault\/-wp-\/wp-json\/wp\/v2\/comments?post=1167"}],"version-history":[{"count":3,"href":"https:\/\/sitetab3.ac-reims.fr\/ec-sault\/-wp-\/wp-json\/wp\/v2\/posts\/1167\/revisions"}],"predecessor-version":[{"id":1171,"href":"https:\/\/sitetab3.ac-reims.fr\/ec-sault\/-wp-\/wp-json\/wp\/v2\/posts\/1167\/revisions\/1171"}],"wp:attachment":[{"href":"https:\/\/sitetab3.ac-reims.fr\/ec-sault\/-wp-\/wp-json\/wp\/v2\/media?parent=1167"}],"wp:term":[{"taxonomy":"category","embeddable":true,"href":"https:\/\/sitetab3.ac-reims.fr\/ec-sault\/-wp-\/wp-json\/wp\/v2\/categories?post=1167"},{"taxonomy":"post_tag","embeddable":true,"href":"https:\/\/sitetab3.ac-reims.fr\/ec-sault\/-wp-\/wp-json\/wp\/v2\/tags?post=1167"}],"curies":[{"name":"wp","href":"https:\/\/api.w.org\/{rel}","templated":true}]}}