{"id":1191,"date":"2024-09-03T21:09:58","date_gmt":"2024-09-03T19:09:58","guid":{"rendered":"https:\/\/sitetab3.ac-reims.fr\/ec-sault\/-wp-\/?p=1191"},"modified":"2024-09-03T21:10:00","modified_gmt":"2024-09-03T19:10:00","slug":"la-cooperative-scolaire","status":"publish","type":"post","link":"https:\/\/sitetab3.ac-reims.fr\/ec-sault\/-wp-\/la-cooperative-scolaire\/","title":{"rendered":"La coop\u00e9rative scolaire"},"content":{"rendered":"\n<p>Madame, monsieur,<\/p>\n\n\n\n<p>Chaque ann\u00e9e la participation des parents d&rsquo;\u00e9l\u00e8ves \u00e0 notre\u00a0 Coop\u00e9rative scolaire OCCE permet d&rsquo;enrichir le quotidien de nos classes et de nos projets coop\u00e9ratifs. La coop\u00e9rative scolaire de notre \u00e9cole investit cet argent essentiellement dans les projets p\u00e9dagogiques: sorties, achat de mat\u00e9riel, &#8230; mais aussi pour l&rsquo;affiliation \u00e0 l&rsquo;OCCE de notre d\u00e9partement (ex: inscription au bal folk).<\/p>\n\n\n\n<p>En ce d\u00e9but d&rsquo;ann\u00e9e, nous sollicitons les familles pour une participation volontaire, en soutien \u00e0 nos projets. Un montant harmonis\u00e9 des familles de coop\u00e9rateurs de chaque classe est ainsi propos\u00e9 : 10\u20ac.<\/p>\n\n\n\n<p>Si vous choisissez\u00a0 de r\u00e9gler par ch\u00e8que, merci de les libeller \u00e0 l&rsquo;ordre de : OCCE 08 Coop Scolaire de Sault-l\u00e8s-Rethel.<\/p>\n\n\n\n<p>Nous vous remercions de votre contribution.<\/p>\n\n\n\n<p><\/p>\n\n\n\n<p>L&rsquo;\u00e9quipe enseignante<\/p>\n\n\n\n<div data-wp-interactive=\"core\/file\" class=\"wp-block-file\"><object data-wp-bind--hidden=\"!state.hasPdfPreview\"  class=\"wp-block-file__embed\" data=\"https:\/\/sitetab3.ac-reims.fr\/ec-sault\/-wp-\/wp-content\/uploads\/2024\/09\/Doc_20240902_153950.pdf\" type=\"application\/pdf\" style=\"width:100%;height:600px\" aria-label=\"Contenu embarqu\u00e9 Contenu embarqu\u00e9 Doc_20240902_153950..\"><\/object><a href=\"https:\/\/sitetab3.ac-reims.fr\/ec-sault\/-wp-\/wp-content\/uploads\/2024\/09\/Doc_20240902_153950.pdf\">Doc_20240902_153950<\/a><a href=\"https:\/\/sitetab3.ac-reims.fr\/ec-sault\/-wp-\/wp-content\/uploads\/2024\/09\/Doc_20240902_153950.pdf\" class=\"wp-block-file__button\" download>T\u00e9l\u00e9charger<\/a><\/div>\n","protected":false},"excerpt":{"rendered":"<p>Madame, monsieur, Chaque ann\u00e9e la participation des parents d&rsquo;\u00e9l\u00e8ves \u00e0 notre\u00a0 Coop\u00e9rative scolaire OCCE permet d&rsquo;enrichir le quotidien de nos classes et de nos projets coop\u00e9ratifs. La coop\u00e9rative scolaire de notre \u00e9cole investit cet argent essentiellement dans les projets p\u00e9dagogiques: sorties, achat de mat\u00e9riel, &#8230; mais aussi pour l&rsquo;affiliation \u00e0 l&rsquo;OCCE de notre d\u00e9partement (ex: [&hellip;]<\/p>\n","protected":false},"author":1,"featured_media":0,"comment_status":"open","ping_status":"open","sticky":true,"template":"","format":"standard","meta":{"ngg_post_thumbnail":0,"footnotes":""},"categories":[33],"tags":[],"_links":{"self":[{"href":"https:\/\/sitetab3.ac-reims.fr\/ec-sault\/-wp-\/wp-json\/wp\/v2\/posts\/1191"}],"collection":[{"href":"https:\/\/sitetab3.ac-reims.fr\/ec-sault\/-wp-\/wp-json\/wp\/v2\/posts"}],"about":[{"href":"https:\/\/sitetab3.ac-reims.fr\/ec-sault\/-wp-\/wp-json\/wp\/v2\/types\/post"}],"author":[{"embeddable":true,"href":"https:\/\/sitetab3.ac-reims.fr\/ec-sault\/-wp-\/wp-json\/wp\/v2\/users\/1"}],"replies":[{"embeddable":true,"href":"https:\/\/sitetab3.ac-reims.fr\/ec-sault\/-wp-\/wp-json\/wp\/v2\/comments?post=1191"}],"version-history":[{"count":1,"href":"https:\/\/sitetab3.ac-reims.fr\/ec-sault\/-wp-\/wp-json\/wp\/v2\/posts\/1191\/revisions"}],"predecessor-version":[{"id":1193,"href":"https:\/\/sitetab3.ac-reims.fr\/ec-sault\/-wp-\/wp-json\/wp\/v2\/posts\/1191\/revisions\/1193"}],"wp:attachment":[{"href":"https:\/\/sitetab3.ac-reims.fr\/ec-sault\/-wp-\/wp-json\/wp\/v2\/media?parent=1191"}],"wp:term":[{"taxonomy":"category","embeddable":true,"href":"https:\/\/sitetab3.ac-reims.fr\/ec-sault\/-wp-\/wp-json\/wp\/v2\/categories?post=1191"},{"taxonomy":"post_tag","embeddable":true,"href":"https:\/\/sitetab3.ac-reims.fr\/ec-sault\/-wp-\/wp-json\/wp\/v2\/tags?post=1191"}],"curies":[{"name":"wp","href":"https:\/\/api.w.org\/{rel}","templated":true}]}}