{"id":1195,"date":"2024-09-11T20:30:31","date_gmt":"2024-09-11T18:30:31","guid":{"rendered":"https:\/\/sitetab3.ac-reims.fr\/ec-sault\/-wp-\/?p=1195"},"modified":"2024-09-11T20:30:33","modified_gmt":"2024-09-11T18:30:33","slug":"le-festival-du-livre","status":"publish","type":"post","link":"https:\/\/sitetab3.ac-reims.fr\/ec-sault\/-wp-\/le-festival-du-livre\/","title":{"rendered":"Le festival du livre"},"content":{"rendered":"\n<p class=\"has-text-align-center\">Du 9 au 13 septembre, l&rsquo;\u00e9cole organise \u00ab\u00a0Le festival du livre\u00a0\u00bb.<\/p>\n\n\n\n<p class=\"has-text-align-center\">Plusieurs permanences de vente sont mises en place \u00e0 l&rsquo;\u00e9cole toute la semaine et vous avez \u00e9galement la possibilit\u00e9 de commander directement sur le site.<\/p>\n\n\n\n<figure class=\"wp-block-image size-large\"><img loading=\"lazy\" decoding=\"async\" width=\"576\" height=\"1024\" src=\"https:\/\/sitetab3.ac-reims.fr\/ec-sault\/-wp-\/wp-content\/uploads\/2024\/09\/FF454182-77EE-44EB-98EE-8CC87811F1E1-576x1024.jpg\" alt=\"\" class=\"wp-image-1196\" srcset=\"https:\/\/sitetab3.ac-reims.fr\/ec-sault\/-wp-\/wp-content\/uploads\/2024\/09\/FF454182-77EE-44EB-98EE-8CC87811F1E1-576x1024.jpg 576w, https:\/\/sitetab3.ac-reims.fr\/ec-sault\/-wp-\/wp-content\/uploads\/2024\/09\/FF454182-77EE-44EB-98EE-8CC87811F1E1-169x300.jpg 169w, https:\/\/sitetab3.ac-reims.fr\/ec-sault\/-wp-\/wp-content\/uploads\/2024\/09\/FF454182-77EE-44EB-98EE-8CC87811F1E1-768x1365.jpg 768w, https:\/\/sitetab3.ac-reims.fr\/ec-sault\/-wp-\/wp-content\/uploads\/2024\/09\/FF454182-77EE-44EB-98EE-8CC87811F1E1-864x1536.jpg 864w, https:\/\/sitetab3.ac-reims.fr\/ec-sault\/-wp-\/wp-content\/uploads\/2024\/09\/FF454182-77EE-44EB-98EE-8CC87811F1E1-rotated.jpg 1080w\" sizes=\"(max-width: 576px) 100vw, 576px\" \/><\/figure>\n","protected":false},"excerpt":{"rendered":"<p>Du 9 au 13 septembre, l&rsquo;\u00e9cole organise \u00ab\u00a0Le festival du livre\u00a0\u00bb. Plusieurs permanences de vente sont mises en place \u00e0 l&rsquo;\u00e9cole toute la semaine et vous avez \u00e9galement la possibilit\u00e9 de commander directement sur le site.<\/p>\n","protected":false},"author":1,"featured_media":0,"comment_status":"open","ping_status":"open","sticky":true,"template":"","format":"standard","meta":{"ngg_post_thumbnail":0,"footnotes":""},"categories":[32],"tags":[],"_links":{"self":[{"href":"https:\/\/sitetab3.ac-reims.fr\/ec-sault\/-wp-\/wp-json\/wp\/v2\/posts\/1195"}],"collection":[{"href":"https:\/\/sitetab3.ac-reims.fr\/ec-sault\/-wp-\/wp-json\/wp\/v2\/posts"}],"about":[{"href":"https:\/\/sitetab3.ac-reims.fr\/ec-sault\/-wp-\/wp-json\/wp\/v2\/types\/post"}],"author":[{"embeddable":true,"href":"https:\/\/sitetab3.ac-reims.fr\/ec-sault\/-wp-\/wp-json\/wp\/v2\/users\/1"}],"replies":[{"embeddable":true,"href":"https:\/\/sitetab3.ac-reims.fr\/ec-sault\/-wp-\/wp-json\/wp\/v2\/comments?post=1195"}],"version-history":[{"count":1,"href":"https:\/\/sitetab3.ac-reims.fr\/ec-sault\/-wp-\/wp-json\/wp\/v2\/posts\/1195\/revisions"}],"predecessor-version":[{"id":1197,"href":"https:\/\/sitetab3.ac-reims.fr\/ec-sault\/-wp-\/wp-json\/wp\/v2\/posts\/1195\/revisions\/1197"}],"wp:attachment":[{"href":"https:\/\/sitetab3.ac-reims.fr\/ec-sault\/-wp-\/wp-json\/wp\/v2\/media?parent=1195"}],"wp:term":[{"taxonomy":"category","embeddable":true,"href":"https:\/\/sitetab3.ac-reims.fr\/ec-sault\/-wp-\/wp-json\/wp\/v2\/categories?post=1195"},{"taxonomy":"post_tag","embeddable":true,"href":"https:\/\/sitetab3.ac-reims.fr\/ec-sault\/-wp-\/wp-json\/wp\/v2\/tags?post=1195"}],"curies":[{"name":"wp","href":"https:\/\/api.w.org\/{rel}","templated":true}]}}