{"id":1199,"date":"2024-09-11T20:32:08","date_gmt":"2024-09-11T18:32:08","guid":{"rendered":"https:\/\/sitetab3.ac-reims.fr\/ec-sault\/-wp-\/?p=1199"},"modified":"2024-09-11T20:32:09","modified_gmt":"2024-09-11T18:32:09","slug":"election-des-representants-des-parents-deleves","status":"publish","type":"post","link":"https:\/\/sitetab3.ac-reims.fr\/ec-sault\/-wp-\/election-des-representants-des-parents-deleves\/","title":{"rendered":"Election des repr\u00e9sentants des parents d&rsquo;\u00e9l\u00e8ves"},"content":{"rendered":"\n<p class=\"has-text-align-center\">Madame, monsieur,<br>Le vendredi 11 octobre se d\u00e9rouleront les \u00e9lections des parents d\u2019\u00e9l\u00e8ves au conseil d\u2019\u00e9cole.<br>Vous pouvez d\u00e8s \u00e0 pr\u00e9sent d\u00e9poser votre candidature (dans le bureau de la directrice).<br>La date limite est fix\u00e9e au lundi 30 septembre 2024 \u00e0 minuit.<\/p>\n\n\n\n<p class=\"has-text-align-center\">Bien cordialement,<br>Mme Pokora<\/p>\n","protected":false},"excerpt":{"rendered":"<p>Madame, monsieur,Le vendredi 11 octobre se d\u00e9rouleront les \u00e9lections des parents d\u2019\u00e9l\u00e8ves au conseil d\u2019\u00e9cole.Vous pouvez d\u00e8s \u00e0 pr\u00e9sent d\u00e9poser votre candidature (dans le bureau de la directrice).La date limite est fix\u00e9e au lundi 30 septembre 2024 \u00e0 minuit. Bien cordialement,Mme Pokora<\/p>\n","protected":false},"author":1,"featured_media":0,"comment_status":"open","ping_status":"open","sticky":true,"template":"","format":"standard","meta":{"ngg_post_thumbnail":0,"footnotes":""},"categories":[33],"tags":[],"_links":{"self":[{"href":"https:\/\/sitetab3.ac-reims.fr\/ec-sault\/-wp-\/wp-json\/wp\/v2\/posts\/1199"}],"collection":[{"href":"https:\/\/sitetab3.ac-reims.fr\/ec-sault\/-wp-\/wp-json\/wp\/v2\/posts"}],"about":[{"href":"https:\/\/sitetab3.ac-reims.fr\/ec-sault\/-wp-\/wp-json\/wp\/v2\/types\/post"}],"author":[{"embeddable":true,"href":"https:\/\/sitetab3.ac-reims.fr\/ec-sault\/-wp-\/wp-json\/wp\/v2\/users\/1"}],"replies":[{"embeddable":true,"href":"https:\/\/sitetab3.ac-reims.fr\/ec-sault\/-wp-\/wp-json\/wp\/v2\/comments?post=1199"}],"version-history":[{"count":1,"href":"https:\/\/sitetab3.ac-reims.fr\/ec-sault\/-wp-\/wp-json\/wp\/v2\/posts\/1199\/revisions"}],"predecessor-version":[{"id":1200,"href":"https:\/\/sitetab3.ac-reims.fr\/ec-sault\/-wp-\/wp-json\/wp\/v2\/posts\/1199\/revisions\/1200"}],"wp:attachment":[{"href":"https:\/\/sitetab3.ac-reims.fr\/ec-sault\/-wp-\/wp-json\/wp\/v2\/media?parent=1199"}],"wp:term":[{"taxonomy":"category","embeddable":true,"href":"https:\/\/sitetab3.ac-reims.fr\/ec-sault\/-wp-\/wp-json\/wp\/v2\/categories?post=1199"},{"taxonomy":"post_tag","embeddable":true,"href":"https:\/\/sitetab3.ac-reims.fr\/ec-sault\/-wp-\/wp-json\/wp\/v2\/tags?post=1199"}],"curies":[{"name":"wp","href":"https:\/\/api.w.org\/{rel}","templated":true}]}}