{"id":1206,"date":"2024-09-25T21:24:44","date_gmt":"2024-09-25T19:24:44","guid":{"rendered":"https:\/\/sitetab3.ac-reims.fr\/ec-sault\/-wp-\/?p=1206"},"modified":"2024-09-25T21:24:45","modified_gmt":"2024-09-25T19:24:45","slug":"journee-europeenne-des-langues","status":"publish","type":"post","link":"https:\/\/sitetab3.ac-reims.fr\/ec-sault\/-wp-\/journee-europeenne-des-langues\/","title":{"rendered":"Journ\u00e9e europ\u00e9enne des langues"},"content":{"rendered":"\n<figure class=\"wp-block-image size-full\"><img loading=\"lazy\" decoding=\"async\" width=\"870\" height=\"489\" src=\"https:\/\/sitetab3.ac-reims.fr\/ec-sault\/-wp-\/wp-content\/uploads\/2024\/09\/JEDL-FR.jpg\" alt=\"\" class=\"wp-image-1207\" srcset=\"https:\/\/sitetab3.ac-reims.fr\/ec-sault\/-wp-\/wp-content\/uploads\/2024\/09\/JEDL-FR.jpg 870w, https:\/\/sitetab3.ac-reims.fr\/ec-sault\/-wp-\/wp-content\/uploads\/2024\/09\/JEDL-FR-300x169.jpg 300w, https:\/\/sitetab3.ac-reims.fr\/ec-sault\/-wp-\/wp-content\/uploads\/2024\/09\/JEDL-FR-768x432.jpg 768w\" sizes=\"(max-width: 870px) 100vw, 870px\" \/><\/figure>\n\n\n\n<p class=\"has-text-align-center\">Depuis l&rsquo;ann\u00e9e derni\u00e8re, l&rsquo;\u00e9cole de Sault-l\u00e8s-Rethel est inscrite dans le dispositif EMILE (Enseignement des\u00a0<strong>M<\/strong>ati\u00e8res par l\u2019<strong>I<\/strong>nt\u00e9gration d\u2019une<strong>\u00a0L<\/strong>angue\u00a0<strong>\u00c9<\/strong>trang\u00e8re).<\/p>\n\n\n\n<p class=\"has-text-align-center\">Ce dispositif v\u00e9hicule une approche m\u00e9thodologique innovante qui va bien au-del\u00e0 de l\u2019enseignement des langues. Il d\u00e9signe une situation d\u2019apprentissage bilingue dans laquelle une autre langue que la langue maternelle sert de vecteur \u00e0 l\u2019enseignement\/apprentissage d\u2019une discipline (en math\u00e9matiques, sports, sciences, &#8230;).<\/p>\n\n\n\n<p class=\"has-text-align-center\">C&rsquo;est donc sans surprise que cette journ\u00e9e sera relay\u00e9e dans les diff\u00e9rentes classes de l&rsquo;\u00e9cole!<\/p>\n","protected":false},"excerpt":{"rendered":"<p>Depuis l&rsquo;ann\u00e9e derni\u00e8re, l&rsquo;\u00e9cole de Sault-l\u00e8s-Rethel est inscrite dans le dispositif EMILE (Enseignement des\u00a0Mati\u00e8res par l\u2019Int\u00e9gration d\u2019une\u00a0Langue\u00a0\u00c9trang\u00e8re). Ce dispositif v\u00e9hicule une approche m\u00e9thodologique innovante qui va bien au-del\u00e0 de l\u2019enseignement des langues. Il d\u00e9signe une situation d\u2019apprentissage bilingue dans laquelle une autre langue que la langue maternelle sert de vecteur \u00e0 l\u2019enseignement\/apprentissage d\u2019une discipline (en [&hellip;]<\/p>\n","protected":false},"author":1,"featured_media":0,"comment_status":"open","ping_status":"open","sticky":true,"template":"","format":"standard","meta":{"ngg_post_thumbnail":0,"footnotes":""},"categories":[32,42],"tags":[],"_links":{"self":[{"href":"https:\/\/sitetab3.ac-reims.fr\/ec-sault\/-wp-\/wp-json\/wp\/v2\/posts\/1206"}],"collection":[{"href":"https:\/\/sitetab3.ac-reims.fr\/ec-sault\/-wp-\/wp-json\/wp\/v2\/posts"}],"about":[{"href":"https:\/\/sitetab3.ac-reims.fr\/ec-sault\/-wp-\/wp-json\/wp\/v2\/types\/post"}],"author":[{"embeddable":true,"href":"https:\/\/sitetab3.ac-reims.fr\/ec-sault\/-wp-\/wp-json\/wp\/v2\/users\/1"}],"replies":[{"embeddable":true,"href":"https:\/\/sitetab3.ac-reims.fr\/ec-sault\/-wp-\/wp-json\/wp\/v2\/comments?post=1206"}],"version-history":[{"count":1,"href":"https:\/\/sitetab3.ac-reims.fr\/ec-sault\/-wp-\/wp-json\/wp\/v2\/posts\/1206\/revisions"}],"predecessor-version":[{"id":1208,"href":"https:\/\/sitetab3.ac-reims.fr\/ec-sault\/-wp-\/wp-json\/wp\/v2\/posts\/1206\/revisions\/1208"}],"wp:attachment":[{"href":"https:\/\/sitetab3.ac-reims.fr\/ec-sault\/-wp-\/wp-json\/wp\/v2\/media?parent=1206"}],"wp:term":[{"taxonomy":"category","embeddable":true,"href":"https:\/\/sitetab3.ac-reims.fr\/ec-sault\/-wp-\/wp-json\/wp\/v2\/categories?post=1206"},{"taxonomy":"post_tag","embeddable":true,"href":"https:\/\/sitetab3.ac-reims.fr\/ec-sault\/-wp-\/wp-json\/wp\/v2\/tags?post=1206"}],"curies":[{"name":"wp","href":"https:\/\/api.w.org\/{rel}","templated":true}]}}