{"id":1225,"date":"2024-10-23T21:19:30","date_gmt":"2024-10-23T19:19:30","guid":{"rendered":"https:\/\/sitetab3.ac-reims.fr\/ec-sault\/-wp-\/?p=1225"},"modified":"2024-10-23T21:20:44","modified_gmt":"2024-10-23T19:20:44","slug":"la-semaine-du-gout","status":"publish","type":"post","link":"https:\/\/sitetab3.ac-reims.fr\/ec-sault\/-wp-\/la-semaine-du-gout\/","title":{"rendered":"La semaine du go\u00fbt"},"content":{"rendered":"\n<p>Plusieurs actions tout au long de la semaine ont eu lieu dans l&rsquo;\u00e9cole:<\/p>\n\n\n\n<p class=\"has-text-align-center\"><strong>Chez ma\u00eetresse Sophie, une journ\u00e9e une couleur !<\/strong><\/p>\n\n\n\n<p>Les \u00e9l\u00e8ves devaient porter la couleur demand\u00e9e et ils ont d\u00e9gust\u00e9 des aliments de cette couleur.<\/p>\n\n\n\n<p>Lundi : vert (haricots verts, brocolis, petits pois, avocat, kiwi, pomme, poire, raisin)<br>Mardi : orange ( orange, cl\u00e9mentine, carotte, potimarron)<br>Jeudi : jaune (endive, pomme jaune, prune et tomate jaune)<br>Vendredi : rouge (tomates, prunes et pomme rouge)<\/p>\n\n\n\n<p><\/p>\n\n\n\n<p class=\"has-text-align-center\"><strong>En CP<\/strong><\/p>\n\n\n\n<p>Petit d\u00e9jeuner parents-enfants avec des saveurs sucr\u00e9es, sal\u00e9es, acides et am\u00e8res.<\/p>\n\n\n\n<p>Une le\u00e7on de go\u00fbt avec la d\u00e9couverte des ingr\u00e9dients du pain et la d\u00e9gustation de diff\u00e9rentes recettes.<\/p>\n\n\n\n<p><\/p>\n\n\n\n<p class=\"has-text-align-center\"><strong>En CE1-CE2 chez Mme Modaine<\/strong><\/p>\n\n\n\n<p>Un projet avec le coll\u00e8ge Valli\u00e8re pour cuisiner les fruits de saisons.<\/p>\n\n\n\n<p>Au programme, r\u00e9alisation d&rsquo;un crumble pommes \/ poires\/ raisin prunes et framboises mais aussi la d\u00e9gustation de 3 vari\u00e9t\u00e9s de poires, 4 vari\u00e9t\u00e9s de pommes  et du jus de pomme.<\/p>\n\n\n\n<p> Une le\u00e7on de go\u00fbt avec la d\u00e9couverte des ingr\u00e9dients du pain et la d\u00e9gustation de diff\u00e9rentes recettes. <\/p>\n\n\n\n<figure class=\"wp-block-image size-large\"><img loading=\"lazy\" decoding=\"async\" width=\"1024\" height=\"216\" src=\"https:\/\/sitetab3.ac-reims.fr\/ec-sault\/-wp-\/wp-content\/uploads\/2024\/10\/semaine-du-gout-a-propos-1024x216.jpg\" alt=\"\" class=\"wp-image-1226\" srcset=\"https:\/\/sitetab3.ac-reims.fr\/ec-sault\/-wp-\/wp-content\/uploads\/2024\/10\/semaine-du-gout-a-propos-1024x216.jpg 1024w, https:\/\/sitetab3.ac-reims.fr\/ec-sault\/-wp-\/wp-content\/uploads\/2024\/10\/semaine-du-gout-a-propos-300x63.jpg 300w, https:\/\/sitetab3.ac-reims.fr\/ec-sault\/-wp-\/wp-content\/uploads\/2024\/10\/semaine-du-gout-a-propos-768x162.jpg 768w, https:\/\/sitetab3.ac-reims.fr\/ec-sault\/-wp-\/wp-content\/uploads\/2024\/10\/semaine-du-gout-a-propos-1536x323.jpg 1536w, https:\/\/sitetab3.ac-reims.fr\/ec-sault\/-wp-\/wp-content\/uploads\/2024\/10\/semaine-du-gout-a-propos.jpg 1900w\" sizes=\"(max-width: 1024px) 100vw, 1024px\" \/><\/figure>\n\n\n\n<p><\/p>\n\n\n\n<p><\/p>\n","protected":false},"excerpt":{"rendered":"<p>Plusieurs actions tout au long de la semaine ont eu lieu dans l&rsquo;\u00e9cole: Chez ma\u00eetresse Sophie, une journ\u00e9e une couleur ! Les \u00e9l\u00e8ves devaient porter la couleur demand\u00e9e et ils ont d\u00e9gust\u00e9 des aliments de cette couleur. Lundi : vert (haricots verts, brocolis, petits pois, avocat, kiwi, pomme, poire, raisin)Mardi : orange ( orange, cl\u00e9mentine, [&hellip;]<\/p>\n","protected":false},"author":1,"featured_media":0,"comment_status":"open","ping_status":"open","sticky":true,"template":"","format":"standard","meta":{"ngg_post_thumbnail":0,"footnotes":""},"categories":[32],"tags":[],"_links":{"self":[{"href":"https:\/\/sitetab3.ac-reims.fr\/ec-sault\/-wp-\/wp-json\/wp\/v2\/posts\/1225"}],"collection":[{"href":"https:\/\/sitetab3.ac-reims.fr\/ec-sault\/-wp-\/wp-json\/wp\/v2\/posts"}],"about":[{"href":"https:\/\/sitetab3.ac-reims.fr\/ec-sault\/-wp-\/wp-json\/wp\/v2\/types\/post"}],"author":[{"embeddable":true,"href":"https:\/\/sitetab3.ac-reims.fr\/ec-sault\/-wp-\/wp-json\/wp\/v2\/users\/1"}],"replies":[{"embeddable":true,"href":"https:\/\/sitetab3.ac-reims.fr\/ec-sault\/-wp-\/wp-json\/wp\/v2\/comments?post=1225"}],"version-history":[{"count":3,"href":"https:\/\/sitetab3.ac-reims.fr\/ec-sault\/-wp-\/wp-json\/wp\/v2\/posts\/1225\/revisions"}],"predecessor-version":[{"id":1229,"href":"https:\/\/sitetab3.ac-reims.fr\/ec-sault\/-wp-\/wp-json\/wp\/v2\/posts\/1225\/revisions\/1229"}],"wp:attachment":[{"href":"https:\/\/sitetab3.ac-reims.fr\/ec-sault\/-wp-\/wp-json\/wp\/v2\/media?parent=1225"}],"wp:term":[{"taxonomy":"category","embeddable":true,"href":"https:\/\/sitetab3.ac-reims.fr\/ec-sault\/-wp-\/wp-json\/wp\/v2\/categories?post=1225"},{"taxonomy":"post_tag","embeddable":true,"href":"https:\/\/sitetab3.ac-reims.fr\/ec-sault\/-wp-\/wp-json\/wp\/v2\/tags?post=1225"}],"curies":[{"name":"wp","href":"https:\/\/api.w.org\/{rel}","templated":true}]}}