{"id":1231,"date":"2024-11-06T14:35:44","date_gmt":"2024-11-06T13:35:44","guid":{"rendered":"https:\/\/sitetab3.ac-reims.fr\/ec-sault\/-wp-\/?p=1231"},"modified":"2024-11-06T14:36:23","modified_gmt":"2024-11-06T13:36:23","slug":"parents-deleves-elus","status":"publish","type":"post","link":"https:\/\/sitetab3.ac-reims.fr\/ec-sault\/-wp-\/parents-deleves-elus\/","title":{"rendered":"Parents d&rsquo;\u00e9l\u00e8ves \u00e9lus"},"content":{"rendered":"\n<p class=\"has-text-align-center\">Les parents d&rsquo;\u00e9l\u00e8ves \u00e9lus ont un r\u00f4le de m\u00e9diateur. Ils font \u00e9galement le lien entre toutes les familles de l&rsquo;\u00e9cole et l&rsquo;\u00e9quipe p\u00e9dagogique. N&rsquo;h\u00e9sitez pas \u00e0 aller vers eux pour toute question, demande, besoin, etc<\/p>\n\n\n\n<p class=\"has-text-align-left\">Mme Sanchez Ang\u00e9lique<\/p>\n\n\n\n<p>Mme Vasconcelos Elodie<\/p>\n\n\n\n<p>Mme Gabreau Charlotte<\/p>\n\n\n\n<p>Mme Granger Aline<\/p>\n\n\n\n<p>Mme Pouponneau Emilie<\/p>\n\n\n\n<p>Mme Lecrinier Carole<\/p>\n\n\n\n<p>Mme Ronsin Kathleen<\/p>\n\n\n\n<p>Mme Doyen Julie<\/p>\n\n\n\n<p><\/p>\n\n\n\n<p><\/p>\n","protected":false},"excerpt":{"rendered":"<p>Les parents d&rsquo;\u00e9l\u00e8ves \u00e9lus ont un r\u00f4le de m\u00e9diateur. Ils font \u00e9galement le lien entre toutes les familles de l&rsquo;\u00e9cole et l&rsquo;\u00e9quipe p\u00e9dagogique. N&rsquo;h\u00e9sitez pas \u00e0 aller vers eux pour toute question, demande, besoin, etc Mme Sanchez Ang\u00e9lique Mme Vasconcelos Elodie Mme Gabreau Charlotte Mme Granger Aline Mme Pouponneau Emilie Mme Lecrinier Carole Mme Ronsin [&hellip;]<\/p>\n","protected":false},"author":1,"featured_media":0,"comment_status":"open","ping_status":"open","sticky":true,"template":"","format":"standard","meta":{"ngg_post_thumbnail":0,"footnotes":""},"categories":[32,33],"tags":[],"_links":{"self":[{"href":"https:\/\/sitetab3.ac-reims.fr\/ec-sault\/-wp-\/wp-json\/wp\/v2\/posts\/1231"}],"collection":[{"href":"https:\/\/sitetab3.ac-reims.fr\/ec-sault\/-wp-\/wp-json\/wp\/v2\/posts"}],"about":[{"href":"https:\/\/sitetab3.ac-reims.fr\/ec-sault\/-wp-\/wp-json\/wp\/v2\/types\/post"}],"author":[{"embeddable":true,"href":"https:\/\/sitetab3.ac-reims.fr\/ec-sault\/-wp-\/wp-json\/wp\/v2\/users\/1"}],"replies":[{"embeddable":true,"href":"https:\/\/sitetab3.ac-reims.fr\/ec-sault\/-wp-\/wp-json\/wp\/v2\/comments?post=1231"}],"version-history":[{"count":3,"href":"https:\/\/sitetab3.ac-reims.fr\/ec-sault\/-wp-\/wp-json\/wp\/v2\/posts\/1231\/revisions"}],"predecessor-version":[{"id":1235,"href":"https:\/\/sitetab3.ac-reims.fr\/ec-sault\/-wp-\/wp-json\/wp\/v2\/posts\/1231\/revisions\/1235"}],"wp:attachment":[{"href":"https:\/\/sitetab3.ac-reims.fr\/ec-sault\/-wp-\/wp-json\/wp\/v2\/media?parent=1231"}],"wp:term":[{"taxonomy":"category","embeddable":true,"href":"https:\/\/sitetab3.ac-reims.fr\/ec-sault\/-wp-\/wp-json\/wp\/v2\/categories?post=1231"},{"taxonomy":"post_tag","embeddable":true,"href":"https:\/\/sitetab3.ac-reims.fr\/ec-sault\/-wp-\/wp-json\/wp\/v2\/tags?post=1231"}],"curies":[{"name":"wp","href":"https:\/\/api.w.org\/{rel}","templated":true}]}}