{"id":1237,"date":"2024-11-06T21:30:29","date_gmt":"2024-11-06T20:30:29","guid":{"rendered":"https:\/\/sitetab3.ac-reims.fr\/ec-sault\/-wp-\/?p=1237"},"modified":"2024-11-06T21:30:30","modified_gmt":"2024-11-06T20:30:30","slug":"le-reglement-interieur-de-lecole-pour-lannee-scolaire-2024-2025","status":"publish","type":"post","link":"https:\/\/sitetab3.ac-reims.fr\/ec-sault\/-wp-\/le-reglement-interieur-de-lecole-pour-lannee-scolaire-2024-2025\/","title":{"rendered":"Le r\u00e8glement int\u00e9rieur de l\u2019\u00e9cole pour l\u2019ann\u00e9e scolaire 2024\/2025"},"content":{"rendered":"\n<p class=\"has-text-align-center\">Une version simplifi\u00e9e du r\u00e8glement int\u00e9rieur sera lue en classe dans les prochains jours.<\/p>\n\n\n\n<p class=\"has-text-align-center\">Le document sera ensuite transmis aux familles pour la signature de chaque \u00e9l\u00e8ve et de ses repr\u00e9sentants l\u00e9gaux.<\/p>\n\n\n\n<div data-wp-interactive=\"core\/file\" class=\"wp-block-file\"><object data-wp-bind--hidden=\"!state.hasPdfPreview\"  class=\"wp-block-file__embed\" data=\"https:\/\/sitetab3.ac-reims.fr\/ec-sault\/-wp-\/wp-content\/uploads\/2024\/11\/Reglement-interieur-simplifie.pdf\" type=\"application\/pdf\" style=\"width:100%;height:600px\" aria-label=\"Contenu embarqu\u00e9 Contenu embarqu\u00e9 Reglement-interieur-simplifie..\"><\/object><a href=\"https:\/\/sitetab3.ac-reims.fr\/ec-sault\/-wp-\/wp-content\/uploads\/2024\/11\/Reglement-interieur-simplifie.pdf\">Reglement-interieur-simplifie<\/a><a href=\"https:\/\/sitetab3.ac-reims.fr\/ec-sault\/-wp-\/wp-content\/uploads\/2024\/11\/Reglement-interieur-simplifie.pdf\" class=\"wp-block-file__button\" download>T\u00e9l\u00e9charger<\/a><\/div>\n","protected":false},"excerpt":{"rendered":"<p>Une version simplifi\u00e9e du r\u00e8glement int\u00e9rieur sera lue en classe dans les prochains jours. Le document sera ensuite transmis aux familles pour la signature de chaque \u00e9l\u00e8ve et de ses repr\u00e9sentants l\u00e9gaux.<\/p>\n","protected":false},"author":1,"featured_media":0,"comment_status":"open","ping_status":"open","sticky":true,"template":"","format":"standard","meta":{"ngg_post_thumbnail":0,"footnotes":""},"categories":[31,32],"tags":[],"_links":{"self":[{"href":"https:\/\/sitetab3.ac-reims.fr\/ec-sault\/-wp-\/wp-json\/wp\/v2\/posts\/1237"}],"collection":[{"href":"https:\/\/sitetab3.ac-reims.fr\/ec-sault\/-wp-\/wp-json\/wp\/v2\/posts"}],"about":[{"href":"https:\/\/sitetab3.ac-reims.fr\/ec-sault\/-wp-\/wp-json\/wp\/v2\/types\/post"}],"author":[{"embeddable":true,"href":"https:\/\/sitetab3.ac-reims.fr\/ec-sault\/-wp-\/wp-json\/wp\/v2\/users\/1"}],"replies":[{"embeddable":true,"href":"https:\/\/sitetab3.ac-reims.fr\/ec-sault\/-wp-\/wp-json\/wp\/v2\/comments?post=1237"}],"version-history":[{"count":1,"href":"https:\/\/sitetab3.ac-reims.fr\/ec-sault\/-wp-\/wp-json\/wp\/v2\/posts\/1237\/revisions"}],"predecessor-version":[{"id":1239,"href":"https:\/\/sitetab3.ac-reims.fr\/ec-sault\/-wp-\/wp-json\/wp\/v2\/posts\/1237\/revisions\/1239"}],"wp:attachment":[{"href":"https:\/\/sitetab3.ac-reims.fr\/ec-sault\/-wp-\/wp-json\/wp\/v2\/media?parent=1237"}],"wp:term":[{"taxonomy":"category","embeddable":true,"href":"https:\/\/sitetab3.ac-reims.fr\/ec-sault\/-wp-\/wp-json\/wp\/v2\/categories?post=1237"},{"taxonomy":"post_tag","embeddable":true,"href":"https:\/\/sitetab3.ac-reims.fr\/ec-sault\/-wp-\/wp-json\/wp\/v2\/tags?post=1237"}],"curies":[{"name":"wp","href":"https:\/\/api.w.org\/{rel}","templated":true}]}}