{"id":1247,"date":"2024-12-31T15:36:22","date_gmt":"2024-12-31T14:36:22","guid":{"rendered":"https:\/\/sitetab3.ac-reims.fr\/ec-sault\/-wp-\/?p=1247"},"modified":"2024-12-31T15:36:24","modified_gmt":"2024-12-31T14:36:24","slug":"meilleurs-voeux","status":"publish","type":"post","link":"https:\/\/sitetab3.ac-reims.fr\/ec-sault\/-wp-\/meilleurs-voeux\/","title":{"rendered":"Meilleurs voeux"},"content":{"rendered":"\n<p class=\"has-text-align-center\"><span class=\"has-inline-color has-luminous-vivid-orange-color\"><strong>Toute l&rsquo;\u00e9quipe \u00e9ducative de l&rsquo;\u00e9cole de Sault l\u00e8s Rethel vous pr\u00e9sente ses meilleurs v\u0153ux pour cette nouvelle ann\u00e9e<\/strong><\/span>  <\/p>\n\n\n\n<div class=\"wp-block-image\"><figure class=\"aligncenter size-full\"><img loading=\"lazy\" decoding=\"async\" width=\"399\" height=\"561\" src=\"https:\/\/sitetab3.ac-reims.fr\/ec-sault\/-wp-\/wp-content\/uploads\/2024\/12\/3316-Voeux-color-eacute-s-avec-des-crayons-joyeux-v_maxi.gif\" alt=\"\" class=\"wp-image-1248\"\/><\/figure><\/div>\n\n\n\n<p class=\"has-text-align-center\">Nous en profitons pour remercier l&rsquo;APE Les P&rsquo;tits Loups pour le spectacle de la Pellicule Ensorcel\u00e9e offert \u00e0 tous les enfants de l&rsquo;\u00e9cole ainsi que pour la visite du P\u00e8re No\u00ebl venu avec un livre pour chaque enfant.<\/p>\n","protected":false},"excerpt":{"rendered":"<p>Toute l&rsquo;\u00e9quipe \u00e9ducative de l&rsquo;\u00e9cole de Sault l\u00e8s Rethel vous pr\u00e9sente ses meilleurs v\u0153ux pour cette nouvelle ann\u00e9e Nous en profitons pour remercier l&rsquo;APE Les P&rsquo;tits Loups pour le spectacle de la Pellicule Ensorcel\u00e9e offert \u00e0 tous les enfants de l&rsquo;\u00e9cole ainsi que pour la visite du P\u00e8re No\u00ebl venu avec un livre pour chaque [&hellip;]<\/p>\n","protected":false},"author":1,"featured_media":0,"comment_status":"open","ping_status":"open","sticky":true,"template":"","format":"standard","meta":{"ngg_post_thumbnail":0,"footnotes":""},"categories":[32],"tags":[],"_links":{"self":[{"href":"https:\/\/sitetab3.ac-reims.fr\/ec-sault\/-wp-\/wp-json\/wp\/v2\/posts\/1247"}],"collection":[{"href":"https:\/\/sitetab3.ac-reims.fr\/ec-sault\/-wp-\/wp-json\/wp\/v2\/posts"}],"about":[{"href":"https:\/\/sitetab3.ac-reims.fr\/ec-sault\/-wp-\/wp-json\/wp\/v2\/types\/post"}],"author":[{"embeddable":true,"href":"https:\/\/sitetab3.ac-reims.fr\/ec-sault\/-wp-\/wp-json\/wp\/v2\/users\/1"}],"replies":[{"embeddable":true,"href":"https:\/\/sitetab3.ac-reims.fr\/ec-sault\/-wp-\/wp-json\/wp\/v2\/comments?post=1247"}],"version-history":[{"count":1,"href":"https:\/\/sitetab3.ac-reims.fr\/ec-sault\/-wp-\/wp-json\/wp\/v2\/posts\/1247\/revisions"}],"predecessor-version":[{"id":1249,"href":"https:\/\/sitetab3.ac-reims.fr\/ec-sault\/-wp-\/wp-json\/wp\/v2\/posts\/1247\/revisions\/1249"}],"wp:attachment":[{"href":"https:\/\/sitetab3.ac-reims.fr\/ec-sault\/-wp-\/wp-json\/wp\/v2\/media?parent=1247"}],"wp:term":[{"taxonomy":"category","embeddable":true,"href":"https:\/\/sitetab3.ac-reims.fr\/ec-sault\/-wp-\/wp-json\/wp\/v2\/categories?post=1247"},{"taxonomy":"post_tag","embeddable":true,"href":"https:\/\/sitetab3.ac-reims.fr\/ec-sault\/-wp-\/wp-json\/wp\/v2\/tags?post=1247"}],"curies":[{"name":"wp","href":"https:\/\/api.w.org\/{rel}","templated":true}]}}