{"id":1252,"date":"2025-02-17T22:22:41","date_gmt":"2025-02-17T21:22:41","guid":{"rendered":"https:\/\/sitetab3.ac-reims.fr\/ec-sault\/-wp-\/?p=1252"},"modified":"2025-02-17T22:25:05","modified_gmt":"2025-02-17T21:25:05","slug":"une-page-se-tourne","status":"publish","type":"post","link":"https:\/\/sitetab3.ac-reims.fr\/ec-sault\/-wp-\/une-page-se-tourne\/","title":{"rendered":"Une page se tourne"},"content":{"rendered":"\n<p class=\"has-text-align-center\">Apr\u00e8s 17 ann\u00e9es en tant que directrice de l&rsquo;\u00e9cole, Mme Pokora partira pour de nouvelles missions \u00e0 partir du 24 f\u00e9vrier 2025.<\/p>\n\n\n\n<p class=\"has-text-align-center\">C&rsquo;est avec joie que je lui succ\u00e8de \u00e0 ce poste.<\/p>\n\n\n\n<p><\/p>\n\n\n\n<p class=\"has-text-align-center\">Flore Lambert-Lahotte<\/p>\n","protected":false},"excerpt":{"rendered":"<p>Apr\u00e8s 17 ann\u00e9es en tant que directrice de l&rsquo;\u00e9cole, Mme Pokora partira pour de nouvelles missions \u00e0 partir du 24 f\u00e9vrier 2025. C&rsquo;est avec joie que je lui succ\u00e8de \u00e0 ce poste. Flore Lambert-Lahotte<\/p>\n","protected":false},"author":13,"featured_media":0,"comment_status":"open","ping_status":"open","sticky":true,"template":"","format":"standard","meta":{"ngg_post_thumbnail":0,"footnotes":""},"categories":[1],"tags":[],"_links":{"self":[{"href":"https:\/\/sitetab3.ac-reims.fr\/ec-sault\/-wp-\/wp-json\/wp\/v2\/posts\/1252"}],"collection":[{"href":"https:\/\/sitetab3.ac-reims.fr\/ec-sault\/-wp-\/wp-json\/wp\/v2\/posts"}],"about":[{"href":"https:\/\/sitetab3.ac-reims.fr\/ec-sault\/-wp-\/wp-json\/wp\/v2\/types\/post"}],"author":[{"embeddable":true,"href":"https:\/\/sitetab3.ac-reims.fr\/ec-sault\/-wp-\/wp-json\/wp\/v2\/users\/13"}],"replies":[{"embeddable":true,"href":"https:\/\/sitetab3.ac-reims.fr\/ec-sault\/-wp-\/wp-json\/wp\/v2\/comments?post=1252"}],"version-history":[{"count":2,"href":"https:\/\/sitetab3.ac-reims.fr\/ec-sault\/-wp-\/wp-json\/wp\/v2\/posts\/1252\/revisions"}],"predecessor-version":[{"id":1255,"href":"https:\/\/sitetab3.ac-reims.fr\/ec-sault\/-wp-\/wp-json\/wp\/v2\/posts\/1252\/revisions\/1255"}],"wp:attachment":[{"href":"https:\/\/sitetab3.ac-reims.fr\/ec-sault\/-wp-\/wp-json\/wp\/v2\/media?parent=1252"}],"wp:term":[{"taxonomy":"category","embeddable":true,"href":"https:\/\/sitetab3.ac-reims.fr\/ec-sault\/-wp-\/wp-json\/wp\/v2\/categories?post=1252"},{"taxonomy":"post_tag","embeddable":true,"href":"https:\/\/sitetab3.ac-reims.fr\/ec-sault\/-wp-\/wp-json\/wp\/v2\/tags?post=1252"}],"curies":[{"name":"wp","href":"https:\/\/api.w.org\/{rel}","templated":true}]}}