{"id":1265,"date":"2025-03-05T15:00:11","date_gmt":"2025-03-05T14:00:11","guid":{"rendered":"https:\/\/sitetab3.ac-reims.fr\/ec-sault\/-wp-\/?p=1265"},"modified":"2025-03-05T15:00:12","modified_gmt":"2025-03-05T14:00:12","slug":"venue-du-photographe","status":"publish","type":"post","link":"https:\/\/sitetab3.ac-reims.fr\/ec-sault\/-wp-\/venue-du-photographe\/","title":{"rendered":"Venue du photographe"},"content":{"rendered":"\n<div class=\"wp-block-image is-style-rounded\"><figure class=\"aligncenter size-full\"><img loading=\"lazy\" decoding=\"async\" width=\"275\" height=\"183\" src=\"https:\/\/sitetab3.ac-reims.fr\/ec-sault\/-wp-\/wp-content\/uploads\/2025\/03\/images.jpg\" alt=\"\" class=\"wp-image-1266\"\/><\/figure><\/div>\n\n\n\n<p class=\"has-text-align-center\">Il est temps de pr\u00e9parer son plus beau sourire!!<\/p>\n\n\n\n<p class=\"has-text-align-center\">Les photos de classes et individuelles auront lieu le vendredi 21 mars.<\/p>\n\n\n\n<p class=\"has-text-align-center\">Un mot d&rsquo;information avec une partie \u00e0 rendre \u00e0 l&rsquo;enseignant(e) de votre enfant vous sera prochainement distribu\u00e9.<\/p>\n\n\n\n<p><\/p>\n","protected":false},"excerpt":{"rendered":"<p>Il est temps de pr\u00e9parer son plus beau sourire!! Les photos de classes et individuelles auront lieu le vendredi 21 mars. Un mot d&rsquo;information avec une partie \u00e0 rendre \u00e0 l&rsquo;enseignant(e) de votre enfant vous sera prochainement distribu\u00e9.<\/p>\n","protected":false},"author":13,"featured_media":0,"comment_status":"open","ping_status":"open","sticky":true,"template":"","format":"standard","meta":{"ngg_post_thumbnail":0,"footnotes":""},"categories":[32,33],"tags":[],"_links":{"self":[{"href":"https:\/\/sitetab3.ac-reims.fr\/ec-sault\/-wp-\/wp-json\/wp\/v2\/posts\/1265"}],"collection":[{"href":"https:\/\/sitetab3.ac-reims.fr\/ec-sault\/-wp-\/wp-json\/wp\/v2\/posts"}],"about":[{"href":"https:\/\/sitetab3.ac-reims.fr\/ec-sault\/-wp-\/wp-json\/wp\/v2\/types\/post"}],"author":[{"embeddable":true,"href":"https:\/\/sitetab3.ac-reims.fr\/ec-sault\/-wp-\/wp-json\/wp\/v2\/users\/13"}],"replies":[{"embeddable":true,"href":"https:\/\/sitetab3.ac-reims.fr\/ec-sault\/-wp-\/wp-json\/wp\/v2\/comments?post=1265"}],"version-history":[{"count":1,"href":"https:\/\/sitetab3.ac-reims.fr\/ec-sault\/-wp-\/wp-json\/wp\/v2\/posts\/1265\/revisions"}],"predecessor-version":[{"id":1267,"href":"https:\/\/sitetab3.ac-reims.fr\/ec-sault\/-wp-\/wp-json\/wp\/v2\/posts\/1265\/revisions\/1267"}],"wp:attachment":[{"href":"https:\/\/sitetab3.ac-reims.fr\/ec-sault\/-wp-\/wp-json\/wp\/v2\/media?parent=1265"}],"wp:term":[{"taxonomy":"category","embeddable":true,"href":"https:\/\/sitetab3.ac-reims.fr\/ec-sault\/-wp-\/wp-json\/wp\/v2\/categories?post=1265"},{"taxonomy":"post_tag","embeddable":true,"href":"https:\/\/sitetab3.ac-reims.fr\/ec-sault\/-wp-\/wp-json\/wp\/v2\/tags?post=1265"}],"curies":[{"name":"wp","href":"https:\/\/api.w.org\/{rel}","templated":true}]}}