{"id":1269,"date":"2025-03-07T20:05:00","date_gmt":"2025-03-07T19:05:00","guid":{"rendered":"https:\/\/sitetab3.ac-reims.fr\/ec-sault\/-wp-\/?p=1269"},"modified":"2025-03-06T20:09:18","modified_gmt":"2025-03-06T19:09:18","slug":"carnaval","status":"publish","type":"post","link":"https:\/\/sitetab3.ac-reims.fr\/ec-sault\/-wp-\/carnaval\/","title":{"rendered":"Carnaval"},"content":{"rendered":"\n<div class=\"wp-block-image is-style-rounded\"><figure class=\"aligncenter size-full\"><img loading=\"lazy\" decoding=\"async\" width=\"391\" height=\"129\" src=\"https:\/\/sitetab3.ac-reims.fr\/ec-sault\/-wp-\/wp-content\/uploads\/2025\/03\/telechargement.jpg\" alt=\"\" class=\"wp-image-1270\" srcset=\"https:\/\/sitetab3.ac-reims.fr\/ec-sault\/-wp-\/wp-content\/uploads\/2025\/03\/telechargement.jpg 391w, https:\/\/sitetab3.ac-reims.fr\/ec-sault\/-wp-\/wp-content\/uploads\/2025\/03\/telechargement-300x99.jpg 300w\" sizes=\"(max-width: 391px) 100vw, 391px\" \/><\/figure><\/div>\n\n\n\n<p class=\"has-text-align-center\">L&rsquo;\u00e9cole accueillait aujourd&rsquo;hui des princesses, des pirates, des indiens, des supers h\u00e9ros et bien d&rsquo;autres personnages encore.<\/p>\n\n\n\n<p class=\"has-text-align-center\">C&rsquo;est sous un beau soleil que les \u00e9l\u00e8ves de cycle 1 et de cycle 2 ont particip\u00e9 au carnaval de l&rsquo;\u00e9cole.<\/p>\n","protected":false},"excerpt":{"rendered":"<p>L&rsquo;\u00e9cole accueillait aujourd&rsquo;hui des princesses, des pirates, des indiens, des supers h\u00e9ros et bien d&rsquo;autres personnages encore. C&rsquo;est sous un beau soleil que les \u00e9l\u00e8ves de cycle 1 et de cycle 2 ont particip\u00e9 au carnaval de l&rsquo;\u00e9cole.<\/p>\n","protected":false},"author":13,"featured_media":0,"comment_status":"open","ping_status":"open","sticky":true,"template":"","format":"standard","meta":{"ngg_post_thumbnail":0,"footnotes":""},"categories":[32],"tags":[],"_links":{"self":[{"href":"https:\/\/sitetab3.ac-reims.fr\/ec-sault\/-wp-\/wp-json\/wp\/v2\/posts\/1269"}],"collection":[{"href":"https:\/\/sitetab3.ac-reims.fr\/ec-sault\/-wp-\/wp-json\/wp\/v2\/posts"}],"about":[{"href":"https:\/\/sitetab3.ac-reims.fr\/ec-sault\/-wp-\/wp-json\/wp\/v2\/types\/post"}],"author":[{"embeddable":true,"href":"https:\/\/sitetab3.ac-reims.fr\/ec-sault\/-wp-\/wp-json\/wp\/v2\/users\/13"}],"replies":[{"embeddable":true,"href":"https:\/\/sitetab3.ac-reims.fr\/ec-sault\/-wp-\/wp-json\/wp\/v2\/comments?post=1269"}],"version-history":[{"count":1,"href":"https:\/\/sitetab3.ac-reims.fr\/ec-sault\/-wp-\/wp-json\/wp\/v2\/posts\/1269\/revisions"}],"predecessor-version":[{"id":1271,"href":"https:\/\/sitetab3.ac-reims.fr\/ec-sault\/-wp-\/wp-json\/wp\/v2\/posts\/1269\/revisions\/1271"}],"wp:attachment":[{"href":"https:\/\/sitetab3.ac-reims.fr\/ec-sault\/-wp-\/wp-json\/wp\/v2\/media?parent=1269"}],"wp:term":[{"taxonomy":"category","embeddable":true,"href":"https:\/\/sitetab3.ac-reims.fr\/ec-sault\/-wp-\/wp-json\/wp\/v2\/categories?post=1269"},{"taxonomy":"post_tag","embeddable":true,"href":"https:\/\/sitetab3.ac-reims.fr\/ec-sault\/-wp-\/wp-json\/wp\/v2\/tags?post=1269"}],"curies":[{"name":"wp","href":"https:\/\/api.w.org\/{rel}","templated":true}]}}