{"id":1299,"date":"2025-03-17T20:08:42","date_gmt":"2025-03-17T19:08:42","guid":{"rendered":"https:\/\/sitetab3.ac-reims.fr\/ec-sault\/-wp-\/?p=1299"},"modified":"2025-03-17T20:08:44","modified_gmt":"2025-03-17T19:08:44","slug":"scrabble","status":"publish","type":"post","link":"https:\/\/sitetab3.ac-reims.fr\/ec-sault\/-wp-\/scrabble\/","title":{"rendered":"Scrabble"},"content":{"rendered":"\n<div class=\"wp-block-image\"><figure class=\"aligncenter size-full\"><img loading=\"lazy\" decoding=\"async\" width=\"490\" height=\"245\" src=\"https:\/\/sitetab3.ac-reims.fr\/ec-sault\/-wp-\/wp-content\/uploads\/2025\/03\/Fotolia_17642269_XS-scrabble.jpg\" alt=\"\" class=\"wp-image-1300\" srcset=\"https:\/\/sitetab3.ac-reims.fr\/ec-sault\/-wp-\/wp-content\/uploads\/2025\/03\/Fotolia_17642269_XS-scrabble.jpg 490w, https:\/\/sitetab3.ac-reims.fr\/ec-sault\/-wp-\/wp-content\/uploads\/2025\/03\/Fotolia_17642269_XS-scrabble-300x150.jpg 300w\" sizes=\"(max-width: 490px) 100vw, 490px\" \/><\/figure><\/div>\n\n\n\n<p class=\"has-text-align-center\">Les classes de cycle 2 et de cycle 3 participent comme plusieurs ann\u00e9es \u00e0 un projet Scrabble \u00e0 l&rsquo;initiative de Mr Savoy.<\/p>\n\n\n\n<p class=\"has-text-align-center\">La finale r\u00e9gionale de Scrabble scolaire s&rsquo;est d\u00e9roul\u00e9e le samedi 8 mars 2025 \u00e0 la salle du club de Scrabble de Sault-L\u00e8s-Rethel.<br>Il y avait 26 participants et trois cat\u00e9gories ( 4 CE2, 12 CM1 et 10 CM2 ). Les enfants ont r\u00e9alis\u00e9 deux parties de 10 coups.<br>Il faut f\u00e9liciter nos six \u00e9l\u00e8ves qui ont obtenu de bons r\u00e9sultats : en CE2, Eva et Louka finissent 2\u00e8me et 3 \u00e8me; en CM1, Alice et L\u00e9o finissent 8\u00e8me et 11\u00e8me et en CM2, Matthew et Myl\u00e9na finissent 3\u00e8me et 4\u00e8me.<\/p>\n\n\n\n<p class=\"has-text-align-center\"><br>Un grand merci \u00e0 tous les enfants pr\u00e9sents, et aux organisateurs, en particulier \u00e0 Denis, le pr\u00e9sident de notre club et \u00e0 Francine ( et Roger ), notre d\u00e9l\u00e9gu\u00e9e scolaire pour la r\u00e9gion qui va cesser son activit\u00e9 \u00e0 la fin de l&rsquo;ann\u00e9e scolaire mais qui nous a promis de revenir nous aider. Une mention sp\u00e9ciale a \u00e9t\u00e9 d\u00e9cern\u00e9e \u00e0 Martine pour ses cookies.<\/p>\n","protected":false},"excerpt":{"rendered":"<p>Les classes de cycle 2 et de cycle 3 participent comme plusieurs ann\u00e9es \u00e0 un projet Scrabble \u00e0 l&rsquo;initiative de Mr Savoy. La finale r\u00e9gionale de Scrabble scolaire s&rsquo;est d\u00e9roul\u00e9e le samedi 8 mars 2025 \u00e0 la salle du club de Scrabble de Sault-L\u00e8s-Rethel.Il y avait 26 participants et trois cat\u00e9gories ( 4 CE2, 12 [&hellip;]<\/p>\n","protected":false},"author":13,"featured_media":0,"comment_status":"open","ping_status":"open","sticky":true,"template":"","format":"standard","meta":{"ngg_post_thumbnail":0,"footnotes":""},"categories":[32],"tags":[],"_links":{"self":[{"href":"https:\/\/sitetab3.ac-reims.fr\/ec-sault\/-wp-\/wp-json\/wp\/v2\/posts\/1299"}],"collection":[{"href":"https:\/\/sitetab3.ac-reims.fr\/ec-sault\/-wp-\/wp-json\/wp\/v2\/posts"}],"about":[{"href":"https:\/\/sitetab3.ac-reims.fr\/ec-sault\/-wp-\/wp-json\/wp\/v2\/types\/post"}],"author":[{"embeddable":true,"href":"https:\/\/sitetab3.ac-reims.fr\/ec-sault\/-wp-\/wp-json\/wp\/v2\/users\/13"}],"replies":[{"embeddable":true,"href":"https:\/\/sitetab3.ac-reims.fr\/ec-sault\/-wp-\/wp-json\/wp\/v2\/comments?post=1299"}],"version-history":[{"count":1,"href":"https:\/\/sitetab3.ac-reims.fr\/ec-sault\/-wp-\/wp-json\/wp\/v2\/posts\/1299\/revisions"}],"predecessor-version":[{"id":1301,"href":"https:\/\/sitetab3.ac-reims.fr\/ec-sault\/-wp-\/wp-json\/wp\/v2\/posts\/1299\/revisions\/1301"}],"wp:attachment":[{"href":"https:\/\/sitetab3.ac-reims.fr\/ec-sault\/-wp-\/wp-json\/wp\/v2\/media?parent=1299"}],"wp:term":[{"taxonomy":"category","embeddable":true,"href":"https:\/\/sitetab3.ac-reims.fr\/ec-sault\/-wp-\/wp-json\/wp\/v2\/categories?post=1299"},{"taxonomy":"post_tag","embeddable":true,"href":"https:\/\/sitetab3.ac-reims.fr\/ec-sault\/-wp-\/wp-json\/wp\/v2\/tags?post=1299"}],"curies":[{"name":"wp","href":"https:\/\/api.w.org\/{rel}","templated":true}]}}