{"id":1303,"date":"2025-04-29T19:30:14","date_gmt":"2025-04-29T17:30:14","guid":{"rendered":"https:\/\/sitetab3.ac-reims.fr\/ec-sault\/-wp-\/?p=1303"},"modified":"2025-04-29T19:30:15","modified_gmt":"2025-04-29T17:30:15","slug":"fete-des-100-jours","status":"publish","type":"post","link":"https:\/\/sitetab3.ac-reims.fr\/ec-sault\/-wp-\/fete-des-100-jours\/","title":{"rendered":"F\u00eate des 100 jours"},"content":{"rendered":"\n<p class=\"has-text-align-center\">Le mardi 22 avril n&rsquo;\u00e9tait pas seulement le jour de la rentr\u00e9e scolaire mais \u00e9galement celui <\/p>\n\n\n\n<p class=\"has-text-align-center\">du <mark style=\"background-color:rgba(0, 0, 0, 0)\" class=\"has-inline-color has-luminous-vivid-orange-color\">100\u00e8me jour<\/mark> d&rsquo;\u00e9cole.<\/p>\n\n\n\n<p class=\"has-text-align-center\">A cette occasion, le vendredi 25 avril les classes de CP et de CE1\/CE2 ont organis\u00e9 une journ\u00e9e festive autour du nombre 100 (faire 100 d\u00e9fis, faire 100 g\u00e2teaux, lire 100 mots, &#8230;).<\/p>\n\n\n\n<p class=\"has-text-align-center\">Chaque \u00e9l\u00e8ve avait la possibilit\u00e9 de cr\u00e9er une collection de 100 \u00e0 la maison afin de la pr\u00e9senter aux autres,  ces \u0153uvres ont fait l&rsquo;objet d&rsquo;une exposition le mardi 29 avril pour l&rsquo;ensemble des classes de l&rsquo;\u00e9cole et pour les parents des classes de CP et de CE1\/CE2.<\/p>\n\n\n\n<div data-wp-interactive=\"core\/file\" class=\"wp-block-file\"><object data-wp-bind--hidden=\"!state.hasPdfPreview\"  class=\"wp-block-file__embed\" data=\"https:\/\/sitetab3.ac-reims.fr\/ec-sault\/-wp-\/wp-content\/uploads\/2025\/04\/100-jours.pdf\" type=\"application\/pdf\" style=\"width:100%;height:600px\" aria-label=\"Contenu embarqu\u00e9 100-jours.\"><\/object><a id=\"wp-block-file--media-d80976fd-c481-4b86-8903-91ce511d7e28\" href=\"https:\/\/sitetab3.ac-reims.fr\/ec-sault\/-wp-\/wp-content\/uploads\/2025\/04\/100-jours.pdf\">100-jours<\/a><a href=\"https:\/\/sitetab3.ac-reims.fr\/ec-sault\/-wp-\/wp-content\/uploads\/2025\/04\/100-jours.pdf\" class=\"wp-block-file__button wp-element-button\" download aria-describedby=\"wp-block-file--media-d80976fd-c481-4b86-8903-91ce511d7e28\">T\u00e9l\u00e9charger<\/a><\/div>\n","protected":false},"excerpt":{"rendered":"<p>Le mardi 22 avril n&rsquo;\u00e9tait pas seulement le jour de la rentr\u00e9e scolaire mais \u00e9galement celui du 100\u00e8me jour d&rsquo;\u00e9cole. A cette occasion, le vendredi 25 avril les classes de CP et de CE1\/CE2 ont organis\u00e9 une journ\u00e9e festive autour du nombre 100 (faire 100 d\u00e9fis, faire 100 g\u00e2teaux, lire 100 mots, &#8230;). Chaque \u00e9l\u00e8ve [&hellip;]<\/p>\n","protected":false},"author":13,"featured_media":0,"comment_status":"open","ping_status":"open","sticky":true,"template":"","format":"standard","meta":{"ngg_post_thumbnail":0,"footnotes":""},"categories":[32,34,33],"tags":[],"_links":{"self":[{"href":"https:\/\/sitetab3.ac-reims.fr\/ec-sault\/-wp-\/wp-json\/wp\/v2\/posts\/1303"}],"collection":[{"href":"https:\/\/sitetab3.ac-reims.fr\/ec-sault\/-wp-\/wp-json\/wp\/v2\/posts"}],"about":[{"href":"https:\/\/sitetab3.ac-reims.fr\/ec-sault\/-wp-\/wp-json\/wp\/v2\/types\/post"}],"author":[{"embeddable":true,"href":"https:\/\/sitetab3.ac-reims.fr\/ec-sault\/-wp-\/wp-json\/wp\/v2\/users\/13"}],"replies":[{"embeddable":true,"href":"https:\/\/sitetab3.ac-reims.fr\/ec-sault\/-wp-\/wp-json\/wp\/v2\/comments?post=1303"}],"version-history":[{"count":1,"href":"https:\/\/sitetab3.ac-reims.fr\/ec-sault\/-wp-\/wp-json\/wp\/v2\/posts\/1303\/revisions"}],"predecessor-version":[{"id":1305,"href":"https:\/\/sitetab3.ac-reims.fr\/ec-sault\/-wp-\/wp-json\/wp\/v2\/posts\/1303\/revisions\/1305"}],"wp:attachment":[{"href":"https:\/\/sitetab3.ac-reims.fr\/ec-sault\/-wp-\/wp-json\/wp\/v2\/media?parent=1303"}],"wp:term":[{"taxonomy":"category","embeddable":true,"href":"https:\/\/sitetab3.ac-reims.fr\/ec-sault\/-wp-\/wp-json\/wp\/v2\/categories?post=1303"},{"taxonomy":"post_tag","embeddable":true,"href":"https:\/\/sitetab3.ac-reims.fr\/ec-sault\/-wp-\/wp-json\/wp\/v2\/tags?post=1303"}],"curies":[{"name":"wp","href":"https:\/\/api.w.org\/{rel}","templated":true}]}}