{"id":1307,"date":"2025-05-12T09:21:41","date_gmt":"2025-05-12T07:21:41","guid":{"rendered":"https:\/\/sitetab3.ac-reims.fr\/ec-sault\/-wp-\/?p=1307"},"modified":"2025-05-12T09:21:43","modified_gmt":"2025-05-12T07:21:43","slug":"ceremonie-du-8-mai","status":"publish","type":"post","link":"https:\/\/sitetab3.ac-reims.fr\/ec-sault\/-wp-\/ceremonie-du-8-mai\/","title":{"rendered":"C\u00e9r\u00e9monie du 8 mai"},"content":{"rendered":"\n<p class=\"has-text-align-center\">\u00c0 l&rsquo;occasion du 80\u00e8me anniversaire de la fin de la Seconde Guerre mondiale en Europe, les \u00e9l\u00e8ves des classes de CM1 et de CM2 ont particip\u00e9 en chanson \u00e0 la c\u00e9r\u00e9monie comm\u00e9morative de Sault-l\u00e8s-Rethel.<\/p>\n\n\n\n<p><\/p>\n\n\n\n<figure class=\"wp-block-image size-large\"><img loading=\"lazy\" decoding=\"async\" width=\"768\" height=\"1024\" src=\"https:\/\/sitetab3.ac-reims.fr\/ec-sault\/-wp-\/wp-content\/uploads\/2025\/05\/IMG_5499-768x1024.jpg\" alt=\"\" class=\"wp-image-1308\" srcset=\"https:\/\/sitetab3.ac-reims.fr\/ec-sault\/-wp-\/wp-content\/uploads\/2025\/05\/IMG_5499-768x1024.jpg 768w, https:\/\/sitetab3.ac-reims.fr\/ec-sault\/-wp-\/wp-content\/uploads\/2025\/05\/IMG_5499-225x300.jpg 225w, https:\/\/sitetab3.ac-reims.fr\/ec-sault\/-wp-\/wp-content\/uploads\/2025\/05\/IMG_5499-1152x1536.jpg 1152w, https:\/\/sitetab3.ac-reims.fr\/ec-sault\/-wp-\/wp-content\/uploads\/2025\/05\/IMG_5499-rotated.jpg 1512w\" sizes=\"(max-width: 768px) 100vw, 768px\" \/><\/figure>\n\n\n\n<figure class=\"wp-block-image size-large\"><img loading=\"lazy\" decoding=\"async\" width=\"1024\" height=\"768\" src=\"https:\/\/sitetab3.ac-reims.fr\/ec-sault\/-wp-\/wp-content\/uploads\/2025\/05\/IMG_5497-1024x768.jpg\" alt=\"\" class=\"wp-image-1309\" srcset=\"https:\/\/sitetab3.ac-reims.fr\/ec-sault\/-wp-\/wp-content\/uploads\/2025\/05\/IMG_5497-1024x768.jpg 1024w, https:\/\/sitetab3.ac-reims.fr\/ec-sault\/-wp-\/wp-content\/uploads\/2025\/05\/IMG_5497-300x225.jpg 300w, https:\/\/sitetab3.ac-reims.fr\/ec-sault\/-wp-\/wp-content\/uploads\/2025\/05\/IMG_5497-768x576.jpg 768w, https:\/\/sitetab3.ac-reims.fr\/ec-sault\/-wp-\/wp-content\/uploads\/2025\/05\/IMG_5497-1536x1152.jpg 1536w, https:\/\/sitetab3.ac-reims.fr\/ec-sault\/-wp-\/wp-content\/uploads\/2025\/05\/IMG_5497.jpg 2016w\" sizes=\"(max-width: 1024px) 100vw, 1024px\" \/><\/figure>\n","protected":false},"excerpt":{"rendered":"<p>\u00c0 l&rsquo;occasion du 80\u00e8me anniversaire de la fin de la Seconde Guerre mondiale en Europe, les \u00e9l\u00e8ves des classes de CM1 et de CM2 ont particip\u00e9 en chanson \u00e0 la c\u00e9r\u00e9monie comm\u00e9morative de Sault-l\u00e8s-Rethel.<\/p>\n","protected":false},"author":13,"featured_media":0,"comment_status":"open","ping_status":"open","sticky":true,"template":"","format":"standard","meta":{"ngg_post_thumbnail":0,"footnotes":""},"categories":[32,33],"tags":[],"_links":{"self":[{"href":"https:\/\/sitetab3.ac-reims.fr\/ec-sault\/-wp-\/wp-json\/wp\/v2\/posts\/1307"}],"collection":[{"href":"https:\/\/sitetab3.ac-reims.fr\/ec-sault\/-wp-\/wp-json\/wp\/v2\/posts"}],"about":[{"href":"https:\/\/sitetab3.ac-reims.fr\/ec-sault\/-wp-\/wp-json\/wp\/v2\/types\/post"}],"author":[{"embeddable":true,"href":"https:\/\/sitetab3.ac-reims.fr\/ec-sault\/-wp-\/wp-json\/wp\/v2\/users\/13"}],"replies":[{"embeddable":true,"href":"https:\/\/sitetab3.ac-reims.fr\/ec-sault\/-wp-\/wp-json\/wp\/v2\/comments?post=1307"}],"version-history":[{"count":1,"href":"https:\/\/sitetab3.ac-reims.fr\/ec-sault\/-wp-\/wp-json\/wp\/v2\/posts\/1307\/revisions"}],"predecessor-version":[{"id":1310,"href":"https:\/\/sitetab3.ac-reims.fr\/ec-sault\/-wp-\/wp-json\/wp\/v2\/posts\/1307\/revisions\/1310"}],"wp:attachment":[{"href":"https:\/\/sitetab3.ac-reims.fr\/ec-sault\/-wp-\/wp-json\/wp\/v2\/media?parent=1307"}],"wp:term":[{"taxonomy":"category","embeddable":true,"href":"https:\/\/sitetab3.ac-reims.fr\/ec-sault\/-wp-\/wp-json\/wp\/v2\/categories?post=1307"},{"taxonomy":"post_tag","embeddable":true,"href":"https:\/\/sitetab3.ac-reims.fr\/ec-sault\/-wp-\/wp-json\/wp\/v2\/tags?post=1307"}],"curies":[{"name":"wp","href":"https:\/\/api.w.org\/{rel}","templated":true}]}}