{"id":1323,"date":"2025-06-10T21:29:53","date_gmt":"2025-06-10T19:29:53","guid":{"rendered":"https:\/\/sitetab3.ac-reims.fr\/ec-sault\/-wp-\/?p=1323"},"modified":"2025-06-10T21:29:55","modified_gmt":"2025-06-10T19:29:55","slug":"bal-folk","status":"publish","type":"post","link":"https:\/\/sitetab3.ac-reims.fr\/ec-sault\/-wp-\/bal-folk\/","title":{"rendered":"Bal folk"},"content":{"rendered":"\n<p class=\"has-text-align-center\">Apr\u00e8s une ann\u00e9e scolaire enti\u00e8re \u00e0 apprendre une dizaine de danses, le moment tant attendu du bal a eu lieu le mardi 3 juin \u00e0 la salle des f\u00eates de Sault-l\u00e8s-Rethel.<\/p>\n\n\n\n<p class=\"has-text-align-center\">C&rsquo;est ensemble que les \u00e9l\u00e8ves de la Petite Section au CE2 ont dans\u00e9 gr\u00e2ce \u00e0 la pr\u00e9sence de 3 musiciens.<\/p>\n\n\n\n<figure class=\"wp-block-image size-large\"><img loading=\"lazy\" decoding=\"async\" width=\"1024\" height=\"768\" src=\"https:\/\/sitetab3.ac-reims.fr\/ec-sault\/-wp-\/wp-content\/uploads\/2025\/06\/image00039-1024x768.jpeg\" alt=\"\" class=\"wp-image-1324\" srcset=\"https:\/\/sitetab3.ac-reims.fr\/ec-sault\/-wp-\/wp-content\/uploads\/2025\/06\/image00039-1024x768.jpeg 1024w, https:\/\/sitetab3.ac-reims.fr\/ec-sault\/-wp-\/wp-content\/uploads\/2025\/06\/image00039-300x225.jpeg 300w, https:\/\/sitetab3.ac-reims.fr\/ec-sault\/-wp-\/wp-content\/uploads\/2025\/06\/image00039-768x576.jpeg 768w, https:\/\/sitetab3.ac-reims.fr\/ec-sault\/-wp-\/wp-content\/uploads\/2025\/06\/image00039-1536x1152.jpeg 1536w, https:\/\/sitetab3.ac-reims.fr\/ec-sault\/-wp-\/wp-content\/uploads\/2025\/06\/image00039-2048x1536.jpeg 2048w\" sizes=\"(max-width: 1024px) 100vw, 1024px\" \/><\/figure>\n\n\n\n<figure class=\"wp-block-image size-large\"><img loading=\"lazy\" decoding=\"async\" width=\"1024\" height=\"768\" src=\"https:\/\/sitetab3.ac-reims.fr\/ec-sault\/-wp-\/wp-content\/uploads\/2025\/06\/Design-sans-titre-1024x768.png\" alt=\"\" class=\"wp-image-1325\" srcset=\"https:\/\/sitetab3.ac-reims.fr\/ec-sault\/-wp-\/wp-content\/uploads\/2025\/06\/Design-sans-titre-1024x768.png 1024w, https:\/\/sitetab3.ac-reims.fr\/ec-sault\/-wp-\/wp-content\/uploads\/2025\/06\/Design-sans-titre-300x225.png 300w, https:\/\/sitetab3.ac-reims.fr\/ec-sault\/-wp-\/wp-content\/uploads\/2025\/06\/Design-sans-titre-768x576.png 768w, https:\/\/sitetab3.ac-reims.fr\/ec-sault\/-wp-\/wp-content\/uploads\/2025\/06\/Design-sans-titre-1536x1152.png 1536w, https:\/\/sitetab3.ac-reims.fr\/ec-sault\/-wp-\/wp-content\/uploads\/2025\/06\/Design-sans-titre-2048x1536.png 2048w\" sizes=\"(max-width: 1024px) 100vw, 1024px\" \/><\/figure>\n","protected":false},"excerpt":{"rendered":"<p>Apr\u00e8s une ann\u00e9e scolaire enti\u00e8re \u00e0 apprendre une dizaine de danses, le moment tant attendu du bal a eu lieu le mardi 3 juin \u00e0 la salle des f\u00eates de Sault-l\u00e8s-Rethel. C&rsquo;est ensemble que les \u00e9l\u00e8ves de la Petite Section au CE2 ont dans\u00e9 gr\u00e2ce \u00e0 la pr\u00e9sence de 3 musiciens.<\/p>\n","protected":false},"author":13,"featured_media":0,"comment_status":"open","ping_status":"open","sticky":true,"template":"","format":"standard","meta":{"ngg_post_thumbnail":0,"footnotes":""},"categories":[32,30],"tags":[],"_links":{"self":[{"href":"https:\/\/sitetab3.ac-reims.fr\/ec-sault\/-wp-\/wp-json\/wp\/v2\/posts\/1323"}],"collection":[{"href":"https:\/\/sitetab3.ac-reims.fr\/ec-sault\/-wp-\/wp-json\/wp\/v2\/posts"}],"about":[{"href":"https:\/\/sitetab3.ac-reims.fr\/ec-sault\/-wp-\/wp-json\/wp\/v2\/types\/post"}],"author":[{"embeddable":true,"href":"https:\/\/sitetab3.ac-reims.fr\/ec-sault\/-wp-\/wp-json\/wp\/v2\/users\/13"}],"replies":[{"embeddable":true,"href":"https:\/\/sitetab3.ac-reims.fr\/ec-sault\/-wp-\/wp-json\/wp\/v2\/comments?post=1323"}],"version-history":[{"count":1,"href":"https:\/\/sitetab3.ac-reims.fr\/ec-sault\/-wp-\/wp-json\/wp\/v2\/posts\/1323\/revisions"}],"predecessor-version":[{"id":1326,"href":"https:\/\/sitetab3.ac-reims.fr\/ec-sault\/-wp-\/wp-json\/wp\/v2\/posts\/1323\/revisions\/1326"}],"wp:attachment":[{"href":"https:\/\/sitetab3.ac-reims.fr\/ec-sault\/-wp-\/wp-json\/wp\/v2\/media?parent=1323"}],"wp:term":[{"taxonomy":"category","embeddable":true,"href":"https:\/\/sitetab3.ac-reims.fr\/ec-sault\/-wp-\/wp-json\/wp\/v2\/categories?post=1323"},{"taxonomy":"post_tag","embeddable":true,"href":"https:\/\/sitetab3.ac-reims.fr\/ec-sault\/-wp-\/wp-json\/wp\/v2\/tags?post=1323"}],"curies":[{"name":"wp","href":"https:\/\/api.w.org\/{rel}","templated":true}]}}