{"id":1336,"date":"2025-06-23T22:18:45","date_gmt":"2025-06-23T20:18:45","guid":{"rendered":"https:\/\/sitetab3.ac-reims.fr\/ec-sault\/-wp-\/?p=1336"},"modified":"2025-06-23T22:18:47","modified_gmt":"2025-06-23T20:18:47","slug":"orchestre-a-lecole","status":"publish","type":"post","link":"https:\/\/sitetab3.ac-reims.fr\/ec-sault\/-wp-\/orchestre-a-lecole\/","title":{"rendered":"Orchestre \u00e0 l&rsquo;\u00e9cole"},"content":{"rendered":"\n<p class=\"has-text-align-center\">La classe de CM1 fait partie du projet \u00ab\u00a0Orchestre \u00e0 l&rsquo;\u00e9cole\u00a0\u00bb.<\/p>\n\n\n\n<p class=\"has-text-align-center\">Depuis octobre et chaque lundi, les \u00e9l\u00e8ves ont appris \u00e0 jouer d&rsquo;un instrument de musique.<\/p>\n\n\n\n<p class=\"has-text-align-center\">Le concert a eu lieu le vendredi 20 juin au Foirail.<\/p>\n\n\n\n<p class=\"has-text-align-center\">Bravo \u00e0 tous nos musiciens et vivement l&rsquo;ann\u00e9e prochaine pour la suite !!<\/p>\n\n\n\n<figure class=\"wp-block-image size-large\"><img loading=\"lazy\" decoding=\"async\" width=\"1024\" height=\"768\" src=\"https:\/\/sitetab3.ac-reims.fr\/ec-sault\/-wp-\/wp-content\/uploads\/2025\/06\/Design-sans-titre-10-1024x768.png\" alt=\"\" class=\"wp-image-1338\" srcset=\"https:\/\/sitetab3.ac-reims.fr\/ec-sault\/-wp-\/wp-content\/uploads\/2025\/06\/Design-sans-titre-10-1024x768.png 1024w, https:\/\/sitetab3.ac-reims.fr\/ec-sault\/-wp-\/wp-content\/uploads\/2025\/06\/Design-sans-titre-10-300x225.png 300w, https:\/\/sitetab3.ac-reims.fr\/ec-sault\/-wp-\/wp-content\/uploads\/2025\/06\/Design-sans-titre-10-768x576.png 768w, https:\/\/sitetab3.ac-reims.fr\/ec-sault\/-wp-\/wp-content\/uploads\/2025\/06\/Design-sans-titre-10-1536x1152.png 1536w, https:\/\/sitetab3.ac-reims.fr\/ec-sault\/-wp-\/wp-content\/uploads\/2025\/06\/Design-sans-titre-10.png 2016w\" sizes=\"(max-width: 1024px) 100vw, 1024px\" \/><\/figure>\n","protected":false},"excerpt":{"rendered":"<p>La classe de CM1 fait partie du projet \u00ab\u00a0Orchestre \u00e0 l&rsquo;\u00e9cole\u00a0\u00bb. Depuis octobre et chaque lundi, les \u00e9l\u00e8ves ont appris \u00e0 jouer d&rsquo;un instrument de musique. Le concert a eu lieu le vendredi 20 juin au Foirail. Bravo \u00e0 tous nos musiciens et vivement l&rsquo;ann\u00e9e prochaine pour la suite !!<\/p>\n","protected":false},"author":13,"featured_media":0,"comment_status":"open","ping_status":"open","sticky":true,"template":"","format":"standard","meta":{"ngg_post_thumbnail":0,"footnotes":""},"categories":[32,30],"tags":[],"_links":{"self":[{"href":"https:\/\/sitetab3.ac-reims.fr\/ec-sault\/-wp-\/wp-json\/wp\/v2\/posts\/1336"}],"collection":[{"href":"https:\/\/sitetab3.ac-reims.fr\/ec-sault\/-wp-\/wp-json\/wp\/v2\/posts"}],"about":[{"href":"https:\/\/sitetab3.ac-reims.fr\/ec-sault\/-wp-\/wp-json\/wp\/v2\/types\/post"}],"author":[{"embeddable":true,"href":"https:\/\/sitetab3.ac-reims.fr\/ec-sault\/-wp-\/wp-json\/wp\/v2\/users\/13"}],"replies":[{"embeddable":true,"href":"https:\/\/sitetab3.ac-reims.fr\/ec-sault\/-wp-\/wp-json\/wp\/v2\/comments?post=1336"}],"version-history":[{"count":1,"href":"https:\/\/sitetab3.ac-reims.fr\/ec-sault\/-wp-\/wp-json\/wp\/v2\/posts\/1336\/revisions"}],"predecessor-version":[{"id":1339,"href":"https:\/\/sitetab3.ac-reims.fr\/ec-sault\/-wp-\/wp-json\/wp\/v2\/posts\/1336\/revisions\/1339"}],"wp:attachment":[{"href":"https:\/\/sitetab3.ac-reims.fr\/ec-sault\/-wp-\/wp-json\/wp\/v2\/media?parent=1336"}],"wp:term":[{"taxonomy":"category","embeddable":true,"href":"https:\/\/sitetab3.ac-reims.fr\/ec-sault\/-wp-\/wp-json\/wp\/v2\/categories?post=1336"},{"taxonomy":"post_tag","embeddable":true,"href":"https:\/\/sitetab3.ac-reims.fr\/ec-sault\/-wp-\/wp-json\/wp\/v2\/tags?post=1336"}],"curies":[{"name":"wp","href":"https:\/\/api.w.org\/{rel}","templated":true}]}}