{"id":1341,"date":"2025-06-26T21:32:50","date_gmt":"2025-06-26T19:32:50","guid":{"rendered":"https:\/\/sitetab3.ac-reims.fr\/ec-sault\/-wp-\/?p=1341"},"modified":"2025-06-26T21:32:51","modified_gmt":"2025-06-26T19:32:51","slug":"chorale-du-cycle-3","status":"publish","type":"post","link":"https:\/\/sitetab3.ac-reims.fr\/ec-sault\/-wp-\/chorale-du-cycle-3\/","title":{"rendered":"Chorale du cycle 3"},"content":{"rendered":"\n<p class=\"has-text-align-center\">C&rsquo;est sans fausses notes et devant leurs proches que les \u00e9l\u00e8ves des classes de CM1 et de CM2 ont interpr\u00e9t\u00e9 les plus grands classiques des com\u00e9dies musicales.<\/p>\n\n\n\n<figure class=\"wp-block-image size-large\"><img loading=\"lazy\" decoding=\"async\" width=\"1024\" height=\"768\" src=\"https:\/\/sitetab3.ac-reims.fr\/ec-sault\/-wp-\/wp-content\/uploads\/2025\/06\/Design-sans-titre-11-1024x768.png\" alt=\"\" class=\"wp-image-1342\" srcset=\"https:\/\/sitetab3.ac-reims.fr\/ec-sault\/-wp-\/wp-content\/uploads\/2025\/06\/Design-sans-titre-11-1024x768.png 1024w, https:\/\/sitetab3.ac-reims.fr\/ec-sault\/-wp-\/wp-content\/uploads\/2025\/06\/Design-sans-titre-11-300x225.png 300w, https:\/\/sitetab3.ac-reims.fr\/ec-sault\/-wp-\/wp-content\/uploads\/2025\/06\/Design-sans-titre-11-768x576.png 768w, https:\/\/sitetab3.ac-reims.fr\/ec-sault\/-wp-\/wp-content\/uploads\/2025\/06\/Design-sans-titre-11-1536x1152.png 1536w, https:\/\/sitetab3.ac-reims.fr\/ec-sault\/-wp-\/wp-content\/uploads\/2025\/06\/Design-sans-titre-11.png 2016w\" sizes=\"(max-width: 1024px) 100vw, 1024px\" \/><\/figure>\n\n\n\n<figure class=\"wp-block-image size-large\"><img loading=\"lazy\" decoding=\"async\" width=\"1024\" height=\"768\" src=\"https:\/\/sitetab3.ac-reims.fr\/ec-sault\/-wp-\/wp-content\/uploads\/2025\/06\/IMG_6343-1024x768.jpg\" alt=\"\" class=\"wp-image-1343\" srcset=\"https:\/\/sitetab3.ac-reims.fr\/ec-sault\/-wp-\/wp-content\/uploads\/2025\/06\/IMG_6343-1024x768.jpg 1024w, https:\/\/sitetab3.ac-reims.fr\/ec-sault\/-wp-\/wp-content\/uploads\/2025\/06\/IMG_6343-300x225.jpg 300w, https:\/\/sitetab3.ac-reims.fr\/ec-sault\/-wp-\/wp-content\/uploads\/2025\/06\/IMG_6343-768x576.jpg 768w, https:\/\/sitetab3.ac-reims.fr\/ec-sault\/-wp-\/wp-content\/uploads\/2025\/06\/IMG_6343-1536x1152.jpg 1536w, https:\/\/sitetab3.ac-reims.fr\/ec-sault\/-wp-\/wp-content\/uploads\/2025\/06\/IMG_6343.jpg 2016w\" sizes=\"(max-width: 1024px) 100vw, 1024px\" \/><\/figure>\n","protected":false},"excerpt":{"rendered":"<p>C&rsquo;est sans fausses notes et devant leurs proches que les \u00e9l\u00e8ves des classes de CM1 et de CM2 ont interpr\u00e9t\u00e9 les plus grands classiques des com\u00e9dies musicales.<\/p>\n","protected":false},"author":13,"featured_media":0,"comment_status":"open","ping_status":"open","sticky":true,"template":"","format":"standard","meta":{"ngg_post_thumbnail":0,"footnotes":""},"categories":[32,33],"tags":[],"_links":{"self":[{"href":"https:\/\/sitetab3.ac-reims.fr\/ec-sault\/-wp-\/wp-json\/wp\/v2\/posts\/1341"}],"collection":[{"href":"https:\/\/sitetab3.ac-reims.fr\/ec-sault\/-wp-\/wp-json\/wp\/v2\/posts"}],"about":[{"href":"https:\/\/sitetab3.ac-reims.fr\/ec-sault\/-wp-\/wp-json\/wp\/v2\/types\/post"}],"author":[{"embeddable":true,"href":"https:\/\/sitetab3.ac-reims.fr\/ec-sault\/-wp-\/wp-json\/wp\/v2\/users\/13"}],"replies":[{"embeddable":true,"href":"https:\/\/sitetab3.ac-reims.fr\/ec-sault\/-wp-\/wp-json\/wp\/v2\/comments?post=1341"}],"version-history":[{"count":1,"href":"https:\/\/sitetab3.ac-reims.fr\/ec-sault\/-wp-\/wp-json\/wp\/v2\/posts\/1341\/revisions"}],"predecessor-version":[{"id":1344,"href":"https:\/\/sitetab3.ac-reims.fr\/ec-sault\/-wp-\/wp-json\/wp\/v2\/posts\/1341\/revisions\/1344"}],"wp:attachment":[{"href":"https:\/\/sitetab3.ac-reims.fr\/ec-sault\/-wp-\/wp-json\/wp\/v2\/media?parent=1341"}],"wp:term":[{"taxonomy":"category","embeddable":true,"href":"https:\/\/sitetab3.ac-reims.fr\/ec-sault\/-wp-\/wp-json\/wp\/v2\/categories?post=1341"},{"taxonomy":"post_tag","embeddable":true,"href":"https:\/\/sitetab3.ac-reims.fr\/ec-sault\/-wp-\/wp-json\/wp\/v2\/tags?post=1341"}],"curies":[{"name":"wp","href":"https:\/\/api.w.org\/{rel}","templated":true}]}}